{"id":133852,"date":"2026-01-19T17:06:01","date_gmt":"2026-01-19T17:06:01","guid":{"rendered":"https:\/\/rdnews.al\/?p=133852"},"modified":"2026-01-19T17:20:50","modified_gmt":"2026-01-19T17:20:50","slug":"tensione-ne-kuvend-opozita-bllokon-foltoren-ballukun-dorezojani-drejtesise","status":"publish","type":"post","link":"https:\/\/rdnews.al\/index.php\/2026\/01\/19\/tensione-ne-kuvend-opozita-bllokon-foltoren-ballukun-dorezojani-drejtesise\/","title":{"rendered":"Tensione n\u00eb Kuvend\/ Opozita bllokon foltoren: Ballukun dor\u00ebzojani drejt\u00ebsis\u00eb!"},"content":{"rendered":"<p>Q\u00eb n\u00eb nisje t\u00eb sesionit t\u00eb ri parlamentar, opozita nuk ka lejuar zhvillimin e seanc\u00ebs s\u00eb planifikuar k\u00ebt\u00eb pasdite, 19 janar, duke bllokuar foltoren dhe kabinetin.<\/p>\n<p>Teksa kryeparlamentari Niko Peleshi mban fjalimin n\u00eb legjislatur\u00ebn e re, kryetari i PD, Sali Berisha dhe deputet\u00ebt e tjer\u00eb opozitar\u00eb kan\u00eb bllokuar foltoren, duke e akuzuar qeverin\u00eb dhe kabinetin Rama, si t\u00eb marr\u00eb peng.<\/p>\n<p>Shkak p\u00ebr k\u00ebt\u00eb \u00ebsht\u00eb b\u00ebr\u00eb, pjes\u00ebmarrja e numrit dy t\u00eb qeveris\u00eb, Belinda Balluku, e cila \u00ebsht\u00eb e pranishme n\u00eb sesionin e ri.<\/p>\n<p>Opozita ka k\u00ebmb\u00ebngulur prej dit\u00ebsh mbledhjen e K\u00ebshillit t\u00eb Mandateve dhe Imuniteteve p\u00ebr t\u2019i hapur rrug\u00eb, heqjes s\u00eb imunitetit t\u00eb deputetes Belinda Ballluku, p\u00ebr shkak t\u00eb marrjes s\u00eb saj t\u00eb pandehur nga SPAK p\u00ebr Tunelin e Llogaras\u00eb dhe Lotet e Unaz\u00ebs s\u00eb Madhe n\u00eb Tiran\u00eb.<\/p>\n","protected":false},"excerpt":{"rendered":"<p>Q\u00eb n\u00eb nisje t\u00eb sesionit t\u00eb ri parlamentar, opozita nuk ka lejuar zhvillimin e seanc\u00ebs s\u00eb planifikuar k\u00ebt\u00eb pasdite, 19 janar, duke bllokuar foltoren dhe kabinetin. Teksa kryeparlamentari Niko Peleshi mban fjalimin n\u00eb legjislatur\u00ebn e re, kryetari i PD, Sali Berisha dhe deputet\u00ebt e tjer\u00eb opozitar\u00eb kan\u00eb bllokuar foltoren, duke e akuzuar qeverin\u00eb dhe kabinetin &hellip;<\/p>\n","protected":false},"author":4,"featured_media":133853,"comment_status":"closed","ping_status":"closed","sticky":false,"template":"","format":"standard","meta":{"footnotes":""},"categories":[37],"tags":[],"class_list":["post-133852","post","type-post","status-publish","format-standard","has-post-thumbnail","","category-politike"],"_links":{"self":[{"href":"https:\/\/rdnews.al\/index.php\/wp-json\/wp\/v2\/posts\/133852","targetHints":{"allow":["GET"]}}],"collection":[{"href":"https:\/\/rdnews.al\/index.php\/wp-json\/wp\/v2\/posts"}],"about":[{"href":"https:\/\/rdnews.al\/index.php\/wp-json\/wp\/v2\/types\/post"}],"author":[{"embeddable":true,"href":"https:\/\/rdnews.al\/index.php\/wp-json\/wp\/v2\/users\/4"}],"replies":[{"embeddable":true,"href":"https:\/\/rdnews.al\/index.php\/wp-json\/wp\/v2\/comments?post=133852"}],"version-history":[{"count":1,"href":"https:\/\/rdnews.al\/index.php\/wp-json\/wp\/v2\/posts\/133852\/revisions"}],"predecessor-version":[{"id":133854,"href":"https:\/\/rdnews.al\/index.php\/wp-json\/wp\/v2\/posts\/133852\/revisions\/133854"}],"wp:featuredmedia":[{"embeddable":true,"href":"https:\/\/rdnews.al\/index.php\/wp-json\/wp\/v2\/media\/133853"}],"wp:attachment":[{"href":"https:\/\/rdnews.al\/index.php\/wp-json\/wp\/v2\/media?parent=133852"}],"wp:term":[{"taxonomy":"category","embeddable":true,"href":"https:\/\/rdnews.al\/index.php\/wp-json\/wp\/v2\/categories?post=133852"},{"taxonomy":"post_tag","embeddable":true,"href":"https:\/\/rdnews.al\/index.php\/wp-json\/wp\/v2\/tags?post=133852"}],"curies":[{"name":"wp","href":"https:\/\/api.w.org\/{rel}","templated":true}]}}