{"id":133856,"date":"2026-01-19T17:11:23","date_gmt":"2026-01-19T17:11:23","guid":{"rendered":"https:\/\/rdnews.al\/?p=133856"},"modified":"2026-01-19T17:11:23","modified_gmt":"2026-01-19T17:11:23","slug":"bardhi-kuvendi-bunker-korrupsioni-dorezoni-ballukun-tek-drejtesia","status":"publish","type":"post","link":"https:\/\/rdnews.al\/index.php\/2026\/01\/19\/bardhi-kuvendi-bunker-korrupsioni-dorezoni-ballukun-tek-drejtesia\/","title":{"rendered":"Bardhi: Kuvendi bunker korrupsioni! Dor\u00ebzoni Ballukun tek drejt\u00ebsia!"},"content":{"rendered":"<p>N\u00eb foltoren e Kuvendit, Kryetari i Grupit Parlamentar t\u00eb PD-s\u00eb, Gazment Bardhi, k\u00ebrkoi q\u00eb ashtu si Erion Veliajn,\u00a0Belinda Balluku\u00a0dhe Edi Rama t\u2019i dor\u00ebzohen drejt\u00ebsis\u00eb, duke paralajm\u00ebruar se Kuvendi nuk duhet t\u00eb kthehet n\u00eb \u201cbunker t\u00eb korrupsionit\u201d.<\/p>\n<p>Ai i b\u00ebri thirrje kryetarit t\u00eb Kuvendit t\u00eb th\u00ebrras\u00eb K\u00ebshillin e Rregullores dhe t\u00eb veproj\u00eb ndaj zyrtar\u00ebve t\u00eb p\u00ebrfshir\u00eb n\u00eb afera, ashtu si\u00e7 u veprua me Erion Veliajn.<\/p>\n<p><em>\u201cT\u00eb korruptuarit dor\u00ebzojani drejt\u00ebsis\u00eb. Ashtu si\u00e7 dor\u00ebzuat Erion Veliajn, do t\u00eb dor\u00ebzoni edhe Belinda Ballukun dhe m\u00eb pas Edi Ram\u00ebn.<\/em><br \/>\n<em>Mblidh K\u00ebshillin dhe dor\u00ebzo t\u00eb korruptuarit. Mos u b\u00ebj bunker i korrupsionit, je kryetare e Kuvendit.<\/em><br \/>\n<em>E vetmja detyr\u00eb q\u00eb ke \u00ebsht\u00eb t\u00eb mblidh\u00ebsh K\u00ebshillin e Rregullores\u201d, <\/em>tha Bardhi<\/p>\n","protected":false},"excerpt":{"rendered":"<p>N\u00eb foltoren e Kuvendit, Kryetari i Grupit Parlamentar t\u00eb PD-s\u00eb, Gazment Bardhi, k\u00ebrkoi q\u00eb ashtu si Erion Veliajn,\u00a0Belinda Balluku\u00a0dhe Edi Rama t\u2019i dor\u00ebzohen drejt\u00ebsis\u00eb, duke paralajm\u00ebruar se Kuvendi nuk duhet t\u00eb kthehet n\u00eb \u201cbunker t\u00eb korrupsionit\u201d. Ai i b\u00ebri thirrje kryetarit t\u00eb Kuvendit t\u00eb th\u00ebrras\u00eb K\u00ebshillin e Rregullores dhe t\u00eb veproj\u00eb ndaj zyrtar\u00ebve t\u00eb p\u00ebrfshir\u00eb &hellip;<\/p>\n","protected":false},"author":4,"featured_media":133857,"comment_status":"closed","ping_status":"closed","sticky":false,"template":"","format":"standard","meta":{"footnotes":""},"categories":[37],"tags":[],"class_list":["post-133856","post","type-post","status-publish","format-standard","has-post-thumbnail","","category-politike"],"_links":{"self":[{"href":"https:\/\/rdnews.al\/index.php\/wp-json\/wp\/v2\/posts\/133856","targetHints":{"allow":["GET"]}}],"collection":[{"href":"https:\/\/rdnews.al\/index.php\/wp-json\/wp\/v2\/posts"}],"about":[{"href":"https:\/\/rdnews.al\/index.php\/wp-json\/wp\/v2\/types\/post"}],"author":[{"embeddable":true,"href":"https:\/\/rdnews.al\/index.php\/wp-json\/wp\/v2\/users\/4"}],"replies":[{"embeddable":true,"href":"https:\/\/rdnews.al\/index.php\/wp-json\/wp\/v2\/comments?post=133856"}],"version-history":[{"count":1,"href":"https:\/\/rdnews.al\/index.php\/wp-json\/wp\/v2\/posts\/133856\/revisions"}],"predecessor-version":[{"id":133858,"href":"https:\/\/rdnews.al\/index.php\/wp-json\/wp\/v2\/posts\/133856\/revisions\/133858"}],"wp:featuredmedia":[{"embeddable":true,"href":"https:\/\/rdnews.al\/index.php\/wp-json\/wp\/v2\/media\/133857"}],"wp:attachment":[{"href":"https:\/\/rdnews.al\/index.php\/wp-json\/wp\/v2\/media?parent=133856"}],"wp:term":[{"taxonomy":"category","embeddable":true,"href":"https:\/\/rdnews.al\/index.php\/wp-json\/wp\/v2\/categories?post=133856"},{"taxonomy":"post_tag","embeddable":true,"href":"https:\/\/rdnews.al\/index.php\/wp-json\/wp\/v2\/tags?post=133856"}],"curies":[{"name":"wp","href":"https:\/\/api.w.org\/{rel}","templated":true}]}}