{"id":133859,"date":"2026-01-19T17:15:25","date_gmt":"2026-01-19T17:15:25","guid":{"rendered":"https:\/\/rdnews.al\/?p=133859"},"modified":"2026-01-19T17:19:30","modified_gmt":"2026-01-19T17:19:30","slug":"bardhi-peleshi-zyrtarizoi-bunkerizimin-balluku-duhet-te-ishte-ne-burg-jo-ne-kuvend","status":"publish","type":"post","link":"https:\/\/rdnews.al\/index.php\/2026\/01\/19\/bardhi-peleshi-zyrtarizoi-bunkerizimin-balluku-duhet-te-ishte-ne-burg-jo-ne-kuvend\/","title":{"rendered":"Bardhi: Peleshi zyrtarizoi bunkerizimin! Balluku duhet t\u00eb ishte n\u00eb burg jo n\u00eb Kuvend!"},"content":{"rendered":"<p class=\"TableParagraph\">Kryetari i Grupit Parlamentar t\u00eb PD, Gazment Bardhi, n\u00eb nj\u00eb deklarat\u00eb p\u00ebr mediat jasht\u00eb Kuvendit tha se, kryetari i Kuvendit ka zyrtarizuar bunkerizimin e institucionit n\u00eb mbrojtje t\u00eb t\u00eb korruptuarve dhe se provokimi i fundit i Edi Ram\u00ebs, duke lejuar Belinda Ballukun t\u00eb ulet n\u00eb sall\u00ebn e seancave plenare sikur asgj\u00eb s\u2019ka ndodhur, \u00ebsht\u00eb nj\u00eb shkelje e hapur e ligjit dhe e interesit publik.<\/p>\n<p class=\"TableParagraph\">\u00a0Ai theksoi se Kuvendi i Shqip\u00ebris\u00eb nuk mund t\u00eb shnd\u00ebrrohet n\u00eb streh\u00eb p\u00ebr t\u00eb korruptuarit dhe duhet t\u2019i sh\u00ebrbej\u00eb drejt\u00ebsis\u00eb, barazis\u00eb para ligjit dhe interesit publik, duke paralajm\u00ebruar se deputet\u00ebt e opozit\u00ebs nuk do t\u00eb pranojn\u00eb funksionimin normal t\u00eb Kuvendit p\u00ebrderisa vazhdon kjo sjellje.<\/p>\n<p class=\"TableParagraph\">\u201cN\u00eb em\u00ebr t\u00eb Grupit Parlamentar t\u00eb Partis\u00eb Demokratike, d\u00ebnojm\u00eb sjelljen e kryetarit t\u00eb Kuvendit, i cili ka zyrtarizuar bunkerizimin e Kuvendit n\u00eb mbrojtje t\u00eb t\u00eb korruptuarve. D\u00ebnojm\u00eb gjithashtu provokimin e urdh\u00ebruar nga Edi Rama, ku n\u00eb vend q\u00eb Belinda Balluku, sipas k\u00ebrkes\u00ebs s\u00eb Prokuroris\u00eb, t\u00eb ishte n\u00eb burg, ajo vjen dhe ulet sikur asgj\u00eb s\u2019ka ndodhur n\u00eb sall\u00ebn e seancave plenare, n\u00eb pozicionin e numrit dy, krahut t\u00eb djatht\u00eb t\u00eb Edi Ram\u00ebs.<\/p>\n<p class=\"TableParagraph\">Kuvendi i Shqip\u00ebris\u00eb nuk mund t\u00eb jet\u00eb kurr\u00eb streha e t\u00eb korruptuarve. Ai duhet t\u2019i sh\u00ebrbej\u00eb interesit publik, drejt\u00ebsis\u00eb q\u00eb k\u00ebrkojn\u00eb qytetar\u00ebt dhe barazis\u00eb para ligjit. Sa koh\u00eb mazhoranca ka vendosur ta shnd\u00ebrroj\u00eb k\u00ebt\u00eb godin\u00eb n\u00eb bunker t\u00eb t\u00eb korruptuarve, deputet\u00ebt e opozit\u00ebs nuk mund t\u00eb pranojn\u00eb funksionimin normal t\u00eb Kuvendit. Kjo ishte edhe ajo q\u00eb b\u00ebm\u00eb sot.<\/p>\n<p class=\"TableParagraph\">Ne i b\u00ebjm\u00eb thirrje Kuvendit t\u00eb Shqip\u00ebris\u00eb, mazhoranc\u00ebs dhe kryetarit t\u00eb Kuvendit t\u00eb mos vonoj\u00eb thirrjen e mbledhjes s\u00eb K\u00ebshillit t\u00eb Rregullores s\u00eb Mandateve dhe t\u00eb mos pengoj\u00eb m\u00eb tej drejt\u00ebsin\u00eb\u201d, u shpreh Bardhi.<\/p>\n","protected":false},"excerpt":{"rendered":"<p>Kryetari i Grupit Parlamentar t\u00eb PD, Gazment Bardhi, n\u00eb nj\u00eb deklarat\u00eb p\u00ebr mediat jasht\u00eb Kuvendit tha se, kryetari i Kuvendit ka zyrtarizuar bunkerizimin e institucionit n\u00eb mbrojtje t\u00eb t\u00eb korruptuarve dhe se provokimi i fundit i Edi Ram\u00ebs, duke lejuar Belinda Ballukun t\u00eb ulet n\u00eb sall\u00ebn e seancave plenare sikur asgj\u00eb s\u2019ka ndodhur, \u00ebsht\u00eb nj\u00eb &hellip;<\/p>\n","protected":false},"author":4,"featured_media":133861,"comment_status":"closed","ping_status":"closed","sticky":false,"template":"","format":"standard","meta":{"footnotes":""},"categories":[37],"tags":[],"class_list":["post-133859","post","type-post","status-publish","format-standard","has-post-thumbnail","","category-politike"],"_links":{"self":[{"href":"https:\/\/rdnews.al\/index.php\/wp-json\/wp\/v2\/posts\/133859","targetHints":{"allow":["GET"]}}],"collection":[{"href":"https:\/\/rdnews.al\/index.php\/wp-json\/wp\/v2\/posts"}],"about":[{"href":"https:\/\/rdnews.al\/index.php\/wp-json\/wp\/v2\/types\/post"}],"author":[{"embeddable":true,"href":"https:\/\/rdnews.al\/index.php\/wp-json\/wp\/v2\/users\/4"}],"replies":[{"embeddable":true,"href":"https:\/\/rdnews.al\/index.php\/wp-json\/wp\/v2\/comments?post=133859"}],"version-history":[{"count":1,"href":"https:\/\/rdnews.al\/index.php\/wp-json\/wp\/v2\/posts\/133859\/revisions"}],"predecessor-version":[{"id":133860,"href":"https:\/\/rdnews.al\/index.php\/wp-json\/wp\/v2\/posts\/133859\/revisions\/133860"}],"wp:featuredmedia":[{"embeddable":true,"href":"https:\/\/rdnews.al\/index.php\/wp-json\/wp\/v2\/media\/133861"}],"wp:attachment":[{"href":"https:\/\/rdnews.al\/index.php\/wp-json\/wp\/v2\/media?parent=133859"}],"wp:term":[{"taxonomy":"category","embeddable":true,"href":"https:\/\/rdnews.al\/index.php\/wp-json\/wp\/v2\/categories?post=133859"},{"taxonomy":"post_tag","embeddable":true,"href":"https:\/\/rdnews.al\/index.php\/wp-json\/wp\/v2\/tags?post=133859"}],"curies":[{"name":"wp","href":"https:\/\/api.w.org\/{rel}","templated":true}]}}