{"id":13386,"date":"2022-05-25T10:08:32","date_gmt":"2022-05-25T10:08:32","guid":{"rendered":"https:\/\/rdnews.al\/?p=13386"},"modified":"2022-05-25T10:08:32","modified_gmt":"2022-05-25T10:08:32","slug":"mediat-italiane-nate-lufte-ne-tirane-efektivet-ne-shqiperi-nxorren-armet","status":"publish","type":"post","link":"https:\/\/rdnews.al\/index.php\/2022\/05\/25\/mediat-italiane-nate-lufte-ne-tirane-efektivet-ne-shqiperi-nxorren-armet\/","title":{"rendered":"Mediat italiane: Nat\u00eb lufte n\u00eb Tiran\u00eb! Efektiv\u00ebt n\u00eb Shqip\u00ebri nxorr\u00ebn arm\u00ebt!"},"content":{"rendered":"<p><strong>Mediat italiane e konsiderojn\u00eb nj\u00eb nat\u00eb lufte n\u00eb Tiran\u00eb mbr\u00ebmjen e 24 majit, prag finales s\u00eb Conference League.<\/strong><\/p>\n<p>Mediat italiane kan\u00eb raportuar rr\u00ebmuj\u00ebn, incidentet e sulmet q\u00eb ndodh\u00ebn nj\u00eb nat\u00eb m\u00eb par\u00eb mes tifoz\u00ebve n\u00eb Tiran\u00eb. N\u00eb nj\u00eb artikull shkruhet se efektiv\u00ebt e Policis\u00eb n\u00eb Shqip\u00ebri kan\u00eb dal\u00eb t\u00eb armatosur n\u00eb rrug\u00eb, duke k\u00ebrc\u00ebnuar tifoz\u00ebt. Mediat italiane e konsiderojn\u00eb nj\u00eb nat\u00eb luft\u00eb mbr\u00ebmjen e 24 majit, prag finales s\u00eb Conference League.<\/p>\n<p><a href=\"https:\/\/www.fanpage.it\/sport\/calcio\/notte-di-guerriglia-a-tirana-prima-della-finale-di-conference-negli-scontri-spuntano-le-pistole\/\" target=\"_blank\" rel=\"noopener\"><strong>Artikulli i plot\u00eb:<\/strong><\/a><\/p>\n<p>Pran\u00eb nj\u00eb lokali nis nata e luft\u00ebs guerile n\u00eb Tiran\u00eb. Disa shqiptar\u00eb, klient\u00eb t\u00eb klubit, th\u00ebrrasin \u201cRom\u00eb, Rom\u00eb\u201d p\u00ebrball\u00eb tifoz\u00ebve t\u00eb ardhur nga Roterdami. \u00cbsht\u00eb nj\u00eb provokim sa marr\u00ebzi aq edhe i rreziksh\u00ebm. Alkooli, euforia dhe d\u00ebshira p\u00ebr hakmarrje, forca e tuf\u00ebs jan\u00eb nj\u00eb p\u00ebrzierje shp\u00ebrthyese. T\u00ebrbimi ultra shp\u00ebrthen i pakontrolluar n\u00eb zem\u00ebr t\u00eb kryeqytetit. Nga atje, si nj\u00eb zjarr shkat\u00ebrrues, holandez\u00ebt u p\u00ebrhap\u00ebn n\u00eb qytet n\u00eb prag t\u00eb finales s\u00eb Lig\u00ebs s\u00eb Konferenc\u00ebs midis Rom\u00ebs dhe Feyenoord.<\/p>\n<p>N\u00eb p\u00ebrleshje plagoset n\u00eb kok\u00eb autori 45-vje\u00e7ar i atij ngacmimi. I d\u00ebrguar me urgjenc\u00eb n\u00eb spital, fatmir\u00ebsisht burri nuk \u00ebsht\u00eb n\u00eb rrezik p\u00ebr jet\u00ebn dhe as l\u00ebndimet e marra jan\u00eb t\u00eb r\u00ebnda. Episodi \u00ebsht\u00eb vet\u00ebm nj\u00eb shk\u00ebndij\u00eb n\u00eb krahasim me at\u00eb q\u00eb do t\u00eb ndodh\u00eb diku tjet\u00ebr n\u00eb qytet.<\/p>\n<p>Grupet ultra t\u00eb veshur me t\u00eb zeza shkat\u00ebrrojn\u00eb qytetin<\/p>\n<p>Pamjet q\u00eb k\u00ebrcejn\u00eb n\u00eb rrjetet sociale edhe para kanaleve zyrtare flasin p\u00ebr grupe \u201chuligan\u00ebsh\u201d t\u00eb veshur me t\u00eb zeza, me fytyr\u00eb t\u00eb mbuluar, t\u00eb armatosur me shkopinj e gur\u00eb, krik e ndonj\u00eb send t\u00eb mpreht\u00eb qoft\u00eb edhe fati, aspak t\u00eb frik\u00ebsuar nga akuzat. t\u00eb forcave t\u00eb rendit. Kalojn\u00eb dhe shkat\u00ebrrojn\u00eb: xhama t\u00eb thyer, makina t\u00eb d\u00ebmtuara, dyqane t\u00eb sulmuara. T\u00ebrbimi i shtyn n\u00eb k\u00ebmb\u00ebt e nj\u00eb prej godinave qeveritare.<\/p>\n<p>T\u00eb pakt\u00ebn 20 t\u00eb plagosur (sipas vler\u00ebsimeve zyrtare), por numri \u00ebsht\u00eb shum\u00eb m\u00eb i lart\u00eb duke par\u00eb shkat\u00ebrrimet. Polic\u00ebt (p\u00ebrfshir\u00eb civil\u00ebt) nxorr\u00ebn dhe mbajt\u00ebn arm\u00eb, hodh\u00ebn gaz lotsjell\u00ebs p\u00ebr t\u00eb shp\u00ebrndar\u00eb turm\u00ebn. Deri m\u00eb tani num\u00ebrohen 60 t\u00eb arrestuar, nga t\u00eb cil\u00ebt 48 nga Roma dhe 12 oficer\u00eb t\u00eb plagosur, nj\u00eb n\u00eb gjendje t\u00eb r\u00ebnd\u00eb.<\/p>\n<p>&#8220;Tre raste aksidentesh . K\u00ebshtu e p\u00ebrmblodhi policia shqiptare dhun\u00ebn e ushtruar nga holandez\u00ebt n\u00eb pika t\u00eb ndryshme n\u00eb kryeqytetin shqiptar. N\u00eb rrug\u00ebn Mustafa Matohitit ka qen\u00eb skena e p\u00ebrplasjeve q\u00eb posht\u00eb sht\u00ebpis\u00eb s\u00eb kryetarit t\u00eb Partis\u00eb Demokratike, Sali Berisha. P\u00ebrleshje t\u00eb tjera ndodh\u00ebn pran\u00eb komisariatit t\u00eb policis\u00eb kur ishte e nevojshme nd\u00ebrhyrja e nj\u00ebsive speciale p\u00ebr t\u00eb zmbrapsur sulmet.<\/p>\n<p>Sot \u00ebsht\u00eb finalja\u00a0Europiane e\u00a0Conferenc\u00eb League. N\u00eb or\u00ebn 21:00 Roma-Feyenoord do t\u00eb p\u00ebrballen n\u00eb stadiumin \u2018Air Albania\u2019 n\u00eb Tiran\u00eb duke e kthyer k\u00ebt\u00eb ndeshje n\u00eb nj\u00eb moment historik p\u00ebr historin\u00eb e futbollit shqiptar. Si pasoj\u00eb e dhun\u00ebs s\u00eb ushtruar nga tifoz\u00ebt e t\u00eb dy skuadrave, u plagos\u00ebn 10 efektiv\u00eb dhe u d\u00ebmtua nj\u00eb automjet policie. Nd\u00ebrkoh\u00eb u shoq\u00ebruan 60 persona, 48 tifoz\u00eb t\u00eb Rom\u00ebs 12 t\u00eb Feyenoord.<\/p>\n","protected":false},"excerpt":{"rendered":"<p>Mediat italiane e konsiderojn\u00eb nj\u00eb nat\u00eb lufte n\u00eb Tiran\u00eb mbr\u00ebmjen e 24 majit, prag finales s\u00eb Conference League. Mediat italiane kan\u00eb raportuar rr\u00ebmuj\u00ebn, incidentet e sulmet q\u00eb ndodh\u00ebn nj\u00eb nat\u00eb m\u00eb par\u00eb mes tifoz\u00ebve n\u00eb Tiran\u00eb. N\u00eb nj\u00eb artikull shkruhet se efektiv\u00ebt e Policis\u00eb n\u00eb Shqip\u00ebri kan\u00eb dal\u00eb t\u00eb armatosur n\u00eb rrug\u00eb, duke k\u00ebrc\u00ebnuar tifoz\u00ebt. &hellip;<\/p>\n","protected":false},"author":4,"featured_media":13362,"comment_status":"open","ping_status":"open","sticky":false,"template":"","format":"standard","meta":{"footnotes":""},"categories":[40],"tags":[],"class_list":["post-13386","post","type-post","status-publish","format-standard","has-post-thumbnail","","category-aktualitet"],"_links":{"self":[{"href":"https:\/\/rdnews.al\/index.php\/wp-json\/wp\/v2\/posts\/13386","targetHints":{"allow":["GET"]}}],"collection":[{"href":"https:\/\/rdnews.al\/index.php\/wp-json\/wp\/v2\/posts"}],"about":[{"href":"https:\/\/rdnews.al\/index.php\/wp-json\/wp\/v2\/types\/post"}],"author":[{"embeddable":true,"href":"https:\/\/rdnews.al\/index.php\/wp-json\/wp\/v2\/users\/4"}],"replies":[{"embeddable":true,"href":"https:\/\/rdnews.al\/index.php\/wp-json\/wp\/v2\/comments?post=13386"}],"version-history":[{"count":0,"href":"https:\/\/rdnews.al\/index.php\/wp-json\/wp\/v2\/posts\/13386\/revisions"}],"wp:featuredmedia":[{"embeddable":true,"href":"https:\/\/rdnews.al\/index.php\/wp-json\/wp\/v2\/media\/13362"}],"wp:attachment":[{"href":"https:\/\/rdnews.al\/index.php\/wp-json\/wp\/v2\/media?parent=13386"}],"wp:term":[{"taxonomy":"category","embeddable":true,"href":"https:\/\/rdnews.al\/index.php\/wp-json\/wp\/v2\/categories?post=13386"},{"taxonomy":"post_tag","embeddable":true,"href":"https:\/\/rdnews.al\/index.php\/wp-json\/wp\/v2\/tags?post=13386"}],"curies":[{"name":"wp","href":"https:\/\/api.w.org\/{rel}","templated":true}]}}