{"id":133862,"date":"2026-01-19T17:22:25","date_gmt":"2026-01-19T17:22:25","guid":{"rendered":"https:\/\/rdnews.al\/?p=133862"},"modified":"2026-01-19T17:22:25","modified_gmt":"2026-01-19T17:22:25","slug":"berisha-te-gjithe-jeni-lubia-ngrihuni-ne-kembe-dhe-therrisni-jemi-lubi","status":"publish","type":"post","link":"https:\/\/rdnews.al\/index.php\/2026\/01\/19\/berisha-te-gjithe-jeni-lubia-ngrihuni-ne-kembe-dhe-therrisni-jemi-lubi\/","title":{"rendered":"Berisha: T\u00eb gjith\u00eb jeni Lubia! Ngrihuni n\u00eb k\u00ebmb\u00eb dhe th\u00ebrrisni: Jemi Lubi!"},"content":{"rendered":"<p>Sesioni i ri parlamentar n\u00eb Kuvendin e Shqip\u00ebris\u00eb u shoq\u00ebrua me tensione dhe p\u00ebrplasje t\u00eb forta politike, pasi kryetari i Partis\u00eb Demokratike, Sali Berisha, s\u00eb bashku me deputet\u00ebt e opozit\u00ebs, bllokuan foltoren e Kuvendit. Shkak p\u00ebr k\u00ebt\u00eb \u00ebsht\u00eb b\u00ebr\u00eb pjes\u00ebmarrja e numrit dy t\u00eb qeveris\u00eb, Belinda Balluku, e cila ishte e pranishme n\u00eb sall\u00eb.<\/p>\n<p>Gjat\u00eb fjal\u00ebs s\u00eb tij n\u00eb videolive, Berisha akuzoi mazhoranc\u00ebn dhe qeverin\u00eb Rama p\u00ebr kapje t\u00eb institucioneve dhe lidhje me krimin e organizuar, duke iu drejtuar: \u201cT\u00eb gjith\u00eb jeni Lubia! Ngrihuni n\u00eb k\u00ebmb\u00eb dhe th\u00ebrrisni: Jemi Lubi! Partia n\u00eb pushtet, partia e krimit, po p\u00ebrballet me testin m\u00eb serioz t\u00eb shtetit t\u00eb s\u00eb drejt\u00ebs\u201d, u shpreh Berisha.<\/p>\n<p>Kryetari i PD iu referua drejtp\u00ebrdrejt zv\/kryeministres dhe ministres s\u00eb Infrastruktur\u00ebs dhe Energjis\u00eb, Belinda Balluku, duke deklaruar: \u201cZv\/kryeministrja Balluku \u00ebsht\u00eb n\u00eb Kongresin e SHBA-ve dhe ju jeni Balluk\u00eb t\u00eb gjith\u00eb. Asaj dhe kryeministrit Edi Rama potencialisht nuk po u hiqni imunitetin\u201d. Sipas Berish\u00ebs, q\u00ebndrimi i mazhoranc\u00ebs p\u00ebrb\u00ebn mbrojtje politike dhe cenon parimet e shtetit t\u00eb s\u00eb drejt\u00ebs.<\/p>\n<p>Opozita ka k\u00ebmb\u00ebngulur prej dit\u00ebsh n\u00eb mbledhjen e K\u00ebshillit t\u00eb Mandateve dhe Imuniteteve, me q\u00ebllim hapjen e procedurave p\u00ebr heqjen e imunitetit t\u00eb Belinda Ballukut. Sipas opozit\u00ebs, k\u00ebrkesa lidhet me hetimet e SPAK p\u00ebr \u00e7\u00ebshtjen e Tunelit t\u00eb Llogaras\u00eb dhe disa lote t\u00eb projektit t\u00eb Unaz\u00ebs s\u00eb Madhe n\u00eb Tiran\u00eb, p\u00ebr t\u00eb cilat\u00a0 Balluku \u00ebsht\u00eb marr\u00eb e pandehur.<\/p>\n","protected":false},"excerpt":{"rendered":"<p>Sesioni i ri parlamentar n\u00eb Kuvendin e Shqip\u00ebris\u00eb u shoq\u00ebrua me tensione dhe p\u00ebrplasje t\u00eb forta politike, pasi kryetari i Partis\u00eb Demokratike, Sali Berisha, s\u00eb bashku me deputet\u00ebt e opozit\u00ebs, bllokuan foltoren e Kuvendit. Shkak p\u00ebr k\u00ebt\u00eb \u00ebsht\u00eb b\u00ebr\u00eb pjes\u00ebmarrja e numrit dy t\u00eb qeveris\u00eb, Belinda Balluku, e cila ishte e pranishme n\u00eb sall\u00eb. Gjat\u00eb &hellip;<\/p>\n","protected":false},"author":4,"featured_media":133855,"comment_status":"closed","ping_status":"closed","sticky":false,"template":"","format":"standard","meta":{"footnotes":""},"categories":[37],"tags":[],"class_list":["post-133862","post","type-post","status-publish","format-standard","has-post-thumbnail","","category-politike"],"_links":{"self":[{"href":"https:\/\/rdnews.al\/index.php\/wp-json\/wp\/v2\/posts\/133862","targetHints":{"allow":["GET"]}}],"collection":[{"href":"https:\/\/rdnews.al\/index.php\/wp-json\/wp\/v2\/posts"}],"about":[{"href":"https:\/\/rdnews.al\/index.php\/wp-json\/wp\/v2\/types\/post"}],"author":[{"embeddable":true,"href":"https:\/\/rdnews.al\/index.php\/wp-json\/wp\/v2\/users\/4"}],"replies":[{"embeddable":true,"href":"https:\/\/rdnews.al\/index.php\/wp-json\/wp\/v2\/comments?post=133862"}],"version-history":[{"count":1,"href":"https:\/\/rdnews.al\/index.php\/wp-json\/wp\/v2\/posts\/133862\/revisions"}],"predecessor-version":[{"id":133863,"href":"https:\/\/rdnews.al\/index.php\/wp-json\/wp\/v2\/posts\/133862\/revisions\/133863"}],"wp:featuredmedia":[{"embeddable":true,"href":"https:\/\/rdnews.al\/index.php\/wp-json\/wp\/v2\/media\/133855"}],"wp:attachment":[{"href":"https:\/\/rdnews.al\/index.php\/wp-json\/wp\/v2\/media?parent=133862"}],"wp:term":[{"taxonomy":"category","embeddable":true,"href":"https:\/\/rdnews.al\/index.php\/wp-json\/wp\/v2\/categories?post=133862"},{"taxonomy":"post_tag","embeddable":true,"href":"https:\/\/rdnews.al\/index.php\/wp-json\/wp\/v2\/tags?post=133862"}],"curies":[{"name":"wp","href":"https:\/\/api.w.org\/{rel}","templated":true}]}}