{"id":133871,"date":"2026-01-19T17:41:10","date_gmt":"2026-01-19T17:41:10","guid":{"rendered":"https:\/\/rdnews.al\/?p=133871"},"modified":"2026-01-19T17:41:10","modified_gmt":"2026-01-19T17:41:10","slug":"balliu-balluku-ne-kuvend-u-thote-shqiptareve-ju-vjedh-dhe-rri-ketu-se-kam-kapur-edi-ramen","status":"publish","type":"post","link":"https:\/\/rdnews.al\/index.php\/2026\/01\/19\/balliu-balluku-ne-kuvend-u-thote-shqiptareve-ju-vjedh-dhe-rri-ketu-se-kam-kapur-edi-ramen\/","title":{"rendered":"Balliu: Balluku n\u00eb Kuvend u thot\u00eb shqiptar\u00ebve: ju vjedh dhe rri k\u00ebtu se kam kapur Edi Ram\u00ebn!"},"content":{"rendered":"<p>Deputeti i PD, Klevis Balliu, gjat\u00eb fjal\u00ebs s\u00eb mbajtur n\u00eb \u201cFoltoren\u201d p\u00ebrpara Kryeministris\u00eb, ka ashp\u00ebrsuar tonet ndaj qeveris\u00eb dhe kryeministrit Edi Rama, duke i akuzuar ata p\u00ebr kapje t\u00eb shtetit nga kartelet kriminale dhe p\u00ebr vjedhje sistematike t\u00eb pasurive publike.<\/p>\n<p>Balliu theksoi se, Lubi Balluku rrinte sot n\u00eb sall\u00ebn e parlamentit duke ju th\u00ebn\u00eb shqiptar\u00ebve se, un\u00eb ju vjedh dhe rri k\u00ebtu sepse kam kapur Ed Ram\u00ebn.<\/p>\n<p><strong>Balliu: <\/strong>P\u00ebrsh\u00ebndetje t\u00eb nderuar miq, q\u00ebndrestar\u00eb, i nderuar kryetar i Partis\u00eb Demokratike Sali Berisha, i nderuar kryetar i Partis\u00eb s\u00eb Liris\u00eb Ilir Meta.<\/p>\n<p>T\u00eb nderuar miq, se \u00ebsht\u00eb shi, se \u00ebsht\u00eb vap\u00eb, se \u00e7far\u00eb kohe se \u00ebsht\u00eb ftoht\u00eb, akull si\u00e7 \u00ebsht\u00eb sot, qytetar\u00ebt, q\u00ebndrestar\u00ebt e kan\u00eb ndar\u00eb mendjen, misioni \u00ebsht\u00eb nj\u00eb dhe i vet\u00ebm, qeveri teknike, largimi i Edi Ram\u00ebs, largimi i hajdut\u00ebve, largimi i karteleve nga institucionet e shtetit shqiptar.<\/p>\n<p>Sot n\u00eb parlament pam\u00eb se si Lubi Balluku, me arroganc\u00ebn m\u00eb t\u00eb madhe, me nj\u00eb n\u00ebnqeshje prej krimineleje, shikonte jo deputet\u00ebt e opozit\u00ebs, por qytetar\u00ebt shqiptar\u00eb q\u00eb e ndiqnin nga sht\u00ebpiat e tyre.<\/p>\n<p>Me at\u00eb arroganc\u00eb i shikonte dhe jua thoshte n\u00eb sy: Po, un\u00eb ju vjedh dhe un\u00eb q\u00ebndroj k\u00ebtu sepse Edi Ram\u00ebn e kam bashk\u00eb me vete se vjedhjet i kam b\u00ebr\u00eb me k\u00ebt\u00eb. Un\u00eb q\u00ebndroj k\u00ebtu me 300 apartamente, nd\u00ebrsa ju sot nuk blini dot nj\u00eb sht\u00ebpi. Un\u00eb q\u00ebndroj k\u00ebtu, thoshte Lubija, me qindra miliona euro t\u00eb vjedhura nga xhepat tuaja, popullit m\u00eb t\u00eb varf\u00ebr t\u00eb Evrop\u00ebs, sepse n\u00eb vjedhjet e mia kam kapur dhe Edi Ram\u00ebn.<\/p>\n<p>Dhe t\u00eb gjith\u00eb, si Qe\u00e7o, si Qe\u00e7o, bashk\u00ebhajdut\u00ebt e pushtetit, pseudo-deputet\u00ebt e partis\u00eb karteleve, votonin p\u00ebr t&#8217;i mbyllur goj\u00ebn opozit\u00ebs, p\u00ebr t&#8217;i mbyllur goj\u00ebn qytetar\u00ebve shqiptar\u00eb. Sepse t\u00eb nderuar miq, opozita nuk po flet dot p\u00ebr ligje sepse k\u00ebtu ka vet\u00ebm denoncime. Opozita nuk lejohet t\u00eb flas\u00eb p\u00ebr qytetar\u00ebt sepse duhet t\u00eb mbrohet Erion Veliaj. Opozita nuk lejohet q\u00eb t\u00eb denoncoj\u00eb n\u00eb parlament dhe prandaj mbyllet parlamenti, sepse pas \u00e7do denoncimi jan\u00eb kartelet e Edi Ram\u00ebs, \u00ebsht\u00eb vet\u00eb Edi Rama.<\/p>\n<p>T\u00eb harroj\u00eb \u00e7dokush se mundet Lubi Balluku t\u00eb vjedhi qoft\u00eb edhe nj\u00eb cent pa Edi Ram\u00ebn. Dhe kushdo bashk\u00ebhajdut i tyre, nga Elisa Spiropali, tek Taulant Balla dhe tek t\u00eb gjith\u00eb bashk\u00ebhajdut\u00ebt e tjer\u00eb, asnj\u00eb cent nuk vjedhin dot pa firm\u00ebn e Edi Ram\u00ebs. Ndaj ky vend nuk mund t\u00eb shp\u00ebtoj\u00eb asnj\u00eb sekond\u00eb, ndaj qytetar\u00ebt shqiptar\u00eb nuk mund t\u00eb shp\u00ebtojn\u00eb p\u00ebr sa koh\u00eb n\u00eb krye t\u00eb qeveris\u00eb \u00ebsht\u00eb Edi Rama.<\/p>\n<p>Pra, p\u00ebr \u00e7do qytetar, p\u00ebr \u00e7do shqiptar, n\u00ebse duam t\u00eb shp\u00ebtojm\u00eb t\u00eb ardhmen e k\u00ebtij vendi, f\u00ebmij\u00ebt tan\u00eb, vendin ton\u00eb, qytetar\u00ebt shqiptar\u00eb, zgjidhja \u00ebsht\u00eb nj\u00eb dhe e vetme, p\u00ebrballje, p\u00ebrballje, p\u00ebrballje, p\u00ebrballje. P\u00ebrballje kudo, n\u00eb \u00e7do rrugic\u00eb, n\u00eb \u00e7do lagje dhe n\u00eb \u00e7do institucion.<\/p>\n<p>T\u00eb nderuar miq, asnj\u00eb vend nuk ka par\u00eb skem\u00ebn kriminale t\u00eb karteleve q\u00eb pam\u00eb tek AKSHI. Q\u00eb kartelet t\u00eb marrin peng nj\u00eb biznesmen se ankimon nj\u00eb tender korruptiv, t\u00eb merret peng se tenderin duhet ta marri baxhanaku i Edi Ram\u00ebs. Pra tenderin duhet ta marri Edi Rama.<\/p>\n<p>Merret dhe sakatohen n\u00ebp\u00ebr torturat e kriminel\u00ebve si Suel \u00c7ela, q\u00eb parat\u00eb t\u00eb shkojn\u00eb tek familja Rama. Ky nuk \u00ebsht\u00eb shtet, ky \u00ebsht\u00eb narko-shtet. Ndaj nuk mund t\u00eb ket\u00eb asnj\u00eb dialog, nuk mund t\u00eb ket\u00eb asnj\u00eb diskutim, sepse me narko-terrorista nuk mund t\u00eb flitet. Ndaj dhe \u00e7do qytetar le t\u00eb bashkohemi n\u00eb dat\u00ebn 24, n\u00eb ora 5, p\u00ebr nj\u00eb q\u00ebndres\u00eb qytetare, patriotike kund\u00ebr narko-trafikantit Edi Rama.<\/p>\n","protected":false},"excerpt":{"rendered":"<p>Deputeti i PD, Klevis Balliu, gjat\u00eb fjal\u00ebs s\u00eb mbajtur n\u00eb \u201cFoltoren\u201d p\u00ebrpara Kryeministris\u00eb, ka ashp\u00ebrsuar tonet ndaj qeveris\u00eb dhe kryeministrit Edi Rama, duke i akuzuar ata p\u00ebr kapje t\u00eb shtetit nga kartelet kriminale dhe p\u00ebr vjedhje sistematike t\u00eb pasurive publike. Balliu theksoi se, Lubi Balluku rrinte sot n\u00eb sall\u00ebn e parlamentit duke ju th\u00ebn\u00eb shqiptar\u00ebve &hellip;<\/p>\n","protected":false},"author":4,"featured_media":133872,"comment_status":"closed","ping_status":"closed","sticky":false,"template":"","format":"standard","meta":{"footnotes":""},"categories":[37],"tags":[],"class_list":["post-133871","post","type-post","status-publish","format-standard","has-post-thumbnail","","category-politike"],"_links":{"self":[{"href":"https:\/\/rdnews.al\/index.php\/wp-json\/wp\/v2\/posts\/133871","targetHints":{"allow":["GET"]}}],"collection":[{"href":"https:\/\/rdnews.al\/index.php\/wp-json\/wp\/v2\/posts"}],"about":[{"href":"https:\/\/rdnews.al\/index.php\/wp-json\/wp\/v2\/types\/post"}],"author":[{"embeddable":true,"href":"https:\/\/rdnews.al\/index.php\/wp-json\/wp\/v2\/users\/4"}],"replies":[{"embeddable":true,"href":"https:\/\/rdnews.al\/index.php\/wp-json\/wp\/v2\/comments?post=133871"}],"version-history":[{"count":1,"href":"https:\/\/rdnews.al\/index.php\/wp-json\/wp\/v2\/posts\/133871\/revisions"}],"predecessor-version":[{"id":133873,"href":"https:\/\/rdnews.al\/index.php\/wp-json\/wp\/v2\/posts\/133871\/revisions\/133873"}],"wp:featuredmedia":[{"embeddable":true,"href":"https:\/\/rdnews.al\/index.php\/wp-json\/wp\/v2\/media\/133872"}],"wp:attachment":[{"href":"https:\/\/rdnews.al\/index.php\/wp-json\/wp\/v2\/media?parent=133871"}],"wp:term":[{"taxonomy":"category","embeddable":true,"href":"https:\/\/rdnews.al\/index.php\/wp-json\/wp\/v2\/categories?post=133871"},{"taxonomy":"post_tag","embeddable":true,"href":"https:\/\/rdnews.al\/index.php\/wp-json\/wp\/v2\/tags?post=133871"}],"curies":[{"name":"wp","href":"https:\/\/api.w.org\/{rel}","templated":true}]}}