{"id":133877,"date":"2026-01-19T18:06:00","date_gmt":"2026-01-19T18:06:00","guid":{"rendered":"https:\/\/rdnews.al\/?p=133877"},"modified":"2026-01-19T18:06:00","modified_gmt":"2026-01-19T18:06:00","slug":"qytetari-shqiperia-ne-katastrofe-soros-pergjegjes-te-ngrihemi-te-gjithe-te-rrezojme-hajdutet","status":"publish","type":"post","link":"https:\/\/rdnews.al\/index.php\/2026\/01\/19\/qytetari-shqiperia-ne-katastrofe-soros-pergjegjes-te-ngrihemi-te-gjithe-te-rrezojme-hajdutet\/","title":{"rendered":"Qytetari: Shqip\u00ebria n\u00eb katastrof\u00eb, Soros p\u00ebrgjegj\u00ebs! T\u00eb ngrihemi t\u00eb gjith\u00eb t\u00eb rr\u00ebzojm\u00eb hajdut\u00ebt!"},"content":{"rendered":"<p>N\u00eb nj\u00eb fjalim t\u00eb mbushur me tone t\u00eb ashpra dhe akuza t\u00eb drejtp\u00ebrdrejta, nj\u00eb qytetar ka shprehur nga foltorja e protest\u00ebs pak\u00ebnaq\u00ebsin\u00eb e thell\u00eb me gjendjen aktuale t\u00eb vendit, duke e cil\u00ebsuar Shqip\u00ebrin\u00eb si \u201cn\u00eb dit\u00ebt m\u00eb t\u00eb k\u00ebqija\u201d dhe \u201cn\u00eb katastrof\u00eb\u201d. Ai hodhi posht\u00eb \u00e7do perceptim pozitiv p\u00ebr realitetin, duke theksuar se pas 35 vitesh tranzicion, demokracia, liria dhe sovraniteti mbeten t\u00eb paarrira.<\/p>\n<p>N\u00eb foltoren e radh\u00ebs, nj\u00eb qytetar \u00ebsht\u00eb shprehur se Shqip\u00ebria \u00ebsht\u00eb \u201cn\u00eb dit\u00ebt m\u00eb t\u00eb k\u00ebqija\u201d dhe \u201cn\u00eb katastrof\u00eb\u201d, duke akuzuar faktor\u00eb t\u00eb brendsh\u00ebm dhe nd\u00ebrkomb\u00ebtar\u00eb p\u00ebr sabotimin e tranzicionit dhe p\u00ebr d\u00ebshtimin e demokracis\u00eb pas 35 vitesh.<\/p>\n<p>Ai propozoi \u201cterapin\u00eb popullore\u201d si zgjidhjen e vetme p\u00ebr kriz\u00ebn dhe b\u00ebri thirrje p\u00ebr mobilizim masiv n\u00eb protest\u00ebn e dat\u00ebs 24, duke e cil\u00ebsuar at\u00eb si t\u00eb vetmen alternativ\u00eb p\u00ebr t\u00eb shp\u00ebtuar vendin.<\/p>\n<p><strong>Fjala e tij<\/strong><\/p>\n<p>P\u00ebrsh\u00ebndetje t\u00eb ve\u00e7anta ja \u00e7oj inspiruesit dhe patriotit, zotit Sali Berisha, q\u00eb q\u00eb n\u00eb fillimet e veta, q\u00eb n\u00eb &#8217;92-shin, m\u00eb kan\u00eb b\u00ebr\u00eb q\u00eb ta ndjek mbrapa k\u00ebt\u00eb burr\u00eb shteti, k\u00ebt\u00eb patriot, q\u00eb ne, q\u00eb shum\u00eb shqiptar\u00eb, fatkeq\u00ebsisht, si\u00e7 \u00ebsht\u00eb gjithmon\u00eb me bashk\u00ebkohor\u00ebt, nuk e vler\u00ebsojn\u00eb. Por ky do t\u00eb jet\u00eb i pavdeksh\u00ebm. Zoti e bekoft\u00eb dhe na pri, doktor. Je frym\u00ebzimi jon\u00eb, je inspiruesi jon\u00eb e m\u00eb tej.<\/p>\n<p>Un\u00eb nuk e shoh Shqip\u00ebrin\u00eb kaq t\u00eb \u00ebmb\u00ebl, kaq roz\u00eb, kaq gri. P\u00ebr mua, Shqip\u00ebria sot \u00ebsht\u00eb n\u00eb dit\u00ebt m\u00eb t\u00eb k\u00ebqija q\u00eb ka ekzistuar ndonj\u00ebher\u00eb. Pasi, n\u00eb zgrip, \u00ebsht\u00eb n\u00eb katastrof\u00eb.<\/p>\n<p>Shpresuam shum\u00eb n\u00eb vitet e para t\u00eb &#8217;90-\u00ebs p\u00ebr demokraci dhe e nis\u00ebm mir\u00eb. Por rrug\u00ebs na ndaluan. Bile, n\u00eb &#8217;96-\u00ebn, ne rrezikuam; duhet t\u00eb hynim n\u00eb Bashkimin Evropian, por na sabotuan. Na sabotuan t\u00eb jashtmit dhe t\u00eb brendshmit, e kryesisht t\u00eb brendshmit.<\/p>\n<p>Dhe p\u00ebr k\u00ebt\u00eb ka dy p\u00ebrgjegj\u00ebs. P\u00ebrgjegj\u00ebs \u00ebsht\u00eb faktori i brendsh\u00ebm, por edhe faktori i jasht\u00ebm.<\/p>\n<p>\u00cbh, u b\u00ebn\u00eb 35 vjet dhe ne ende nuk e kemi nd\u00ebrtuar demokracin\u00eb, lirin\u00eb dhe, si t\u00eb thuash, sovranitetin e duhur e mjaftuesh\u00ebm t\u00eb nj\u00eb shteti t\u00eb vog\u00ebl si\u00e7 ishim ne, Shqip\u00ebria. Sa e v\u00ebshtir\u00eb paska qen\u00eb q\u00eb dy milion\u00eb shqiptar\u00eb t\u00eb mos nd\u00ebrtojn\u00eb dot nj\u00eb shtet t\u00eb mir\u00eb, t\u00eb begat\u00eb.<\/p>\n<p>E \u00e7uditshme \u00ebsht\u00eb. Pse k\u00ebshtu?<\/p>\n<p>Shpresuam shum\u00eb te ndihma e euro-amerikan\u00ebve. Na dhan\u00eb disa ndihma, por un\u00eb jam i zhg\u00ebnjyer nga ato lloj ndihmash, sepse ato, n\u00eb vend q\u00eb t\u00eb na \u00e7onin p\u00ebrpara, na binin ekspert\u00eb, teknologji, investime k\u00ebtu; ata vet\u00ebm na jepnin mend dhe na prun\u00eb o ju qet\u00eb e banditit Soros, i cili e sabotoi progresin dhe progresivitetin e Shqip\u00ebris\u00eb.<\/p>\n<p>Prandaj, p\u00ebr mua, se un\u00eb nuk flas dot si politikan, un\u00eb jam qytetar i thjesht\u00eb dhe flas ashtu si\u00e7 i ndjej. Ndonj\u00eb kujt nuk i p\u00eblqen. Tani m\u00eb dhan\u00eb mund\u00ebsi t\u00eb flas dhe do flas. Dhe k\u00ebta na prun\u00eb k\u00ebto. N\u00eb vend q\u00eb t\u00eb na ndihmonin, nuk na ndihmuan dot; na dhan\u00eb Shqip\u00ebrin\u00eb n\u00eb zgrip. Prandaj k\u00ebtu kan\u00eb p\u00ebrgjegj\u00ebsi edhe Bashkimi Evropian, edhe Amerika, q\u00eb n\u00eb 250-vjetorin e vet ka pasur ulje-ngritjet e veta. Dhe neve na lan\u00eb n\u00eb k\u00ebt\u00eb gjendje.<\/p>\n<p>Prandaj un\u00eb i k\u00ebrkoj administrat\u00ebs s\u00eb re t\u00eb zotit Trump t\u00eb mbaj\u00eb p\u00ebrgjegj\u00ebsit\u00eb e veta p\u00ebr k\u00ebt\u00eb popull 2-milion\u00ebsh, q\u00eb s\u2019po ngre dot kok\u00ebn, dhe kjo vjen edhe p\u00ebr arsye t\u00eb qytetar\u00ebve amerikan\u00eb si George Soros, i cili \u00ebsht\u00eb qytetar amerikan. Presidenti i sot\u00ebm ka p\u00ebrgjegj\u00ebsin\u00eb ta d\u00ebnoj\u00eb at\u00eb njeri, sepse ka ardhur k\u00ebtu, ka sabotuar dhe ka rrjepur k\u00ebt\u00eb popull, e ka vjedhur k\u00ebt\u00eb popull, e ka shp\u00ebrb\u00ebr\u00eb k\u00ebt\u00eb popull, e ka prishur arsimin, ka prishur kultur\u00ebn; dora e atij \u00ebsht\u00eb me gjith\u00eb k\u00ebta patronazhist\u00eb, me gjith\u00eb ata q\u00eb e votojn\u00eb. P\u00ebrgjegj\u00ebsi e madhe \u00ebsht\u00eb p\u00ebr ata q\u00eb e votojn\u00eb ata, ata lloj shqiptar\u00ebsh.<\/p>\n<p>Dikush thot\u00eb: mos i kritikoni dhe mos e shani popullin shqiptar. Un\u00eb nuk shaj popullin shqiptar, por shaj dhe kritikoj ata q\u00eb mb\u00ebshtesin dhe i japin vot\u00ebn atij qen bir qeni, t\u00eb pafe, q\u00eb \u00ebsht\u00eb ky kryeminist\u00ebr yndyr\u00eb, q\u00eb nuk e di se \u00e7far\u00eb mund t\u00eb jet\u00eb ky njeri, q\u00eb \u00ebsht\u00eb kaq i posht\u00ebr p\u00ebr popullin e vet.<\/p>\n<p>Por fatkeq\u00ebsisht, un\u00eb i k\u00ebrkoj p\u00ebrs\u00ebri presidentit Trump, se neve si demokrat\u00eb, gjysm\u00ebn e popullit shqiptar e kan\u00eb nxjerr\u00eb non-grata. Nuk \u00ebsht\u00eb nxjerr\u00eb non-grata vet\u00ebm Sali Berisha, pa t\u00eb drejt\u00eb, pa asnj\u00eb fakt, pa asnj\u00eb arsye. Turp t\u2019i vij\u00eb t\u00eb gjith\u00eb atyre administrat\u00ebs s\u00eb kaluar amerikane q\u00eb b\u00ebn\u00eb k\u00ebt\u00eb veprim dhe na kan\u00eb ndar\u00eb m\u00eb keq se \u00e7\u2019na ndau komunizmi n\u00eb dy pal\u00eb, n\u00eb luft\u00eb klasash. Dhe sot ne jemi n\u00eb at\u00eb gjendje, luft\u00eb klasash.<\/p>\n<p>\u00cbsht\u00eb e \u00e7uditshme se si edhe BE-ja, edhe administrata e kaluar amerikane p\u00ebrkrahnin ish-komunist\u00ebt. Sot na qeverisin komunist\u00ebt q\u00eb ajo far\u00eb duhej t\u00eb ishte zhdukur. Duhet t\u00eb mbizot\u00ebronte pjesa tjet\u00ebr, m\u00eb patriotike e k\u00ebtij vendi, dhe m\u00eb patriotik\u00ebt ishin ata q\u00eb ishin t\u00eb p\u00ebrndjekur, t\u00eb internuar dhe, edhe t\u00eb painternuar, por t\u00eb keqtrajtuar nga ky komb. Amerika duhet t\u2019i vesh\u00eb pika mbi \u201ci\u201d dhe duhet t\u00eb p\u00ebrkrah\u00eb popullin patriot t\u00eb Shqip\u00ebris\u00eb, n\u00eb qoft\u00eb se \u00ebsht\u00eb p\u00ebr demokracin\u00eb bot\u00ebrore.<\/p>\n<p>Dhe un\u00eb them shum\u00eb gj\u00ebra, por terapia q\u00eb e sh\u00ebron Shqip\u00ebrin\u00eb q\u00eb \u00ebsht\u00eb n\u00eb agoni \u00ebsht\u00eb vet\u00ebm terapia popullore, alternativa popullore si\u00e7 \u00ebsht\u00eb p\u00ebr shum\u00eb gj\u00ebra. Prandaj, me 24, vet\u00ebm kjo alternativ\u00eb e sh\u00ebron. Alternativa popullore, mjek\u00ebsia popullore pra. T\u00eb gjith\u00eb bashk\u00eb. N\u00eb qoft\u00eb se e doni Shqip\u00ebrin\u00eb.<\/p>\n","protected":false},"excerpt":{"rendered":"<p>N\u00eb nj\u00eb fjalim t\u00eb mbushur me tone t\u00eb ashpra dhe akuza t\u00eb drejtp\u00ebrdrejta, nj\u00eb qytetar ka shprehur nga foltorja e protest\u00ebs pak\u00ebnaq\u00ebsin\u00eb e thell\u00eb me gjendjen aktuale t\u00eb vendit, duke e cil\u00ebsuar Shqip\u00ebrin\u00eb si \u201cn\u00eb dit\u00ebt m\u00eb t\u00eb k\u00ebqija\u201d dhe \u201cn\u00eb katastrof\u00eb\u201d. Ai hodhi posht\u00eb \u00e7do perceptim pozitiv p\u00ebr realitetin, duke theksuar se pas 35 &hellip;<\/p>\n","protected":false},"author":4,"featured_media":133878,"comment_status":"closed","ping_status":"closed","sticky":false,"template":"","format":"standard","meta":{"footnotes":""},"categories":[37],"tags":[],"class_list":["post-133877","post","type-post","status-publish","format-standard","has-post-thumbnail","","category-politike"],"_links":{"self":[{"href":"https:\/\/rdnews.al\/index.php\/wp-json\/wp\/v2\/posts\/133877","targetHints":{"allow":["GET"]}}],"collection":[{"href":"https:\/\/rdnews.al\/index.php\/wp-json\/wp\/v2\/posts"}],"about":[{"href":"https:\/\/rdnews.al\/index.php\/wp-json\/wp\/v2\/types\/post"}],"author":[{"embeddable":true,"href":"https:\/\/rdnews.al\/index.php\/wp-json\/wp\/v2\/users\/4"}],"replies":[{"embeddable":true,"href":"https:\/\/rdnews.al\/index.php\/wp-json\/wp\/v2\/comments?post=133877"}],"version-history":[{"count":1,"href":"https:\/\/rdnews.al\/index.php\/wp-json\/wp\/v2\/posts\/133877\/revisions"}],"predecessor-version":[{"id":133879,"href":"https:\/\/rdnews.al\/index.php\/wp-json\/wp\/v2\/posts\/133877\/revisions\/133879"}],"wp:featuredmedia":[{"embeddable":true,"href":"https:\/\/rdnews.al\/index.php\/wp-json\/wp\/v2\/media\/133878"}],"wp:attachment":[{"href":"https:\/\/rdnews.al\/index.php\/wp-json\/wp\/v2\/media?parent=133877"}],"wp:term":[{"taxonomy":"category","embeddable":true,"href":"https:\/\/rdnews.al\/index.php\/wp-json\/wp\/v2\/categories?post=133877"},{"taxonomy":"post_tag","embeddable":true,"href":"https:\/\/rdnews.al\/index.php\/wp-json\/wp\/v2\/tags?post=133877"}],"curies":[{"name":"wp","href":"https:\/\/api.w.org\/{rel}","templated":true}]}}