{"id":133883,"date":"2026-01-19T18:13:03","date_gmt":"2026-01-19T18:13:03","guid":{"rendered":"https:\/\/rdnews.al\/?p=133883"},"modified":"2026-01-19T18:13:03","modified_gmt":"2026-01-19T18:13:03","slug":"berisha-shqiptaret-po-e-presin-me-padurim-24-janarin-do-perballemi-me-kete-regjim-deri-ne-largimin-e-tij","status":"publish","type":"post","link":"https:\/\/rdnews.al\/index.php\/2026\/01\/19\/berisha-shqiptaret-po-e-presin-me-padurim-24-janarin-do-perballemi-me-kete-regjim-deri-ne-largimin-e-tij\/","title":{"rendered":"Berisha: Shqiptar\u00ebt po e presin me padurim 24 janarin! Do p\u00ebrballemi me k\u00ebt\u00eb regjim deri n\u00eb largimin e tij"},"content":{"rendered":"<p>Kryetari i PD, Sali Berisha duke folur n\u00eb \u2018Foltoren\u2019 para kryeministris\u00eb, ka b\u00ebr\u00eb t\u00eb ditur se, qytetar\u00ebt jan\u00eb duke e pritur me padurim 24 janarin, dit\u00ebn e protest\u00ebs komb\u00ebtare kund\u00ebr narkoshtetit.<\/p>\n<p>Ai tha se, shqiptar\u00ebt po presin 24 janarin si dit\u00ebn e tyre, si or\u00ebn e tyre, si t\u00eb v\u00ebrtet\u00ebn e tyre t\u00eb madhe.<\/p>\n<p><strong>Berisha: <\/strong>Mir\u00ebmbr\u00ebma dhe p\u00ebrsh\u00ebndetjet m\u00eb t\u00eb p\u00ebrzem\u00ebrta ju dhe t\u00eb gjith\u00eb qytetar\u00ebve t\u00eb Tiran\u00ebs dhe mbar\u00eb Shqip\u00ebris\u00eb.<\/p>\n<p>Mir\u00ebnjohjen m\u00eb t\u00eb thell\u00eb p\u00ebr pranin\u00eb tuaj n\u00eb k\u00ebt\u00eb protest\u00eb, e cila d\u00ebshmon vullnetin ton\u00eb.<\/p>\n<p>D\u00ebshmon q\u00ebndres\u00ebn ton\u00eb, vendimin ton\u00eb p\u00ebr t\u2019u p\u00ebrballur me k\u00ebt\u00eb narko-qeveri, me k\u00ebt\u00eb band\u00eb, organizat\u00eb kriminale, armike e betuar e Shqip\u00ebris\u00eb dhe shqiptar\u00ebve.<\/p>\n<p>P\u00ebr t\u2019u p\u00ebrballur gjer n\u00eb largimin p\u00ebrfundimtar nga skena t\u00eb k\u00ebtij regjimi, i cili ka shp\u00ebrfytyruar dhe po shp\u00ebrfytyron \u00e7do dit\u00eb e m\u00eb shum\u00eb Shqip\u00ebrin\u00eb dhe shqiptar\u00ebt.<\/p>\n<p>T\u00eb dashur miq, kjo protest\u00eb e k\u00ebsaj jave ka nj\u00eb r\u00ebnd\u00ebsi t\u00eb ve\u00e7ant\u00eb sepse kjo jav\u00eb \u00ebsht\u00eb p\u00ebrcaktuese p\u00ebr 24 janarin, protest\u00ebn m\u00eb t\u00eb fuqishme q\u00eb ka njohur Tirana ndonj\u00ebher\u00eb.<\/p>\n<p>Zem\u00ebrimin m\u00eb t\u00eb fuqish\u00ebm t\u00eb shqiptar\u00ebve.<\/p>\n<p>Guximin e tyre m\u00eb t\u00eb madh.<\/p>\n<p>Miq, po vijm\u00eb nga parlamenti, ishte provokimi m\u00eb i ul\u00ebt q\u00eb i b\u00ebhej shqiptar\u00ebve.<\/p>\n<p>Karshi tyre q\u00ebndronte Lubi Balluku, hajdutja m\u00eb e madhe e koh\u00ebrave q\u00eb kan\u00eb pasur shqiptar\u00ebt n\u00eb pushtet, e d\u00ebrguar aty kastile nga Edi Rama p\u00ebr t\u00eb provokuar shqiptar\u00ebt, p\u00ebr t\u00eb posht\u00ebruar shqiptar\u00ebt, p\u00ebr t\u2019u th\u00ebn\u00eb atyre se ne u kemi u vjedhur dhe do u vjedhim dhe ja ku jemi.<\/p>\n<p>Rojet i dol\u00ebn p\u00ebrpara, largohuni u thash\u00eb, mos u b\u00ebni mask\u00eb e fytyr\u00ebs t\u00eb saj, ta shohin shqiptar\u00ebt se \u00e7far\u00eb fytyre ka.<\/p>\n<p>Miq, ka tejkaluar \u00e7do lloj norme, \u00e7do lloj morali, \u00e7do lloj sjellje.<\/p>\n<p>Shqiptar\u00ebt po presin me padurim revolt\u00ebn, kryengritjen paq\u00ebsore, p\u00ebrballjen dh\u00ebmb p\u00ebr dh\u00ebmb me k\u00ebt\u00eb regjim, fitoren e opozit\u00ebs.<\/p>\n<p>Shqiptar\u00ebt po presin 24 janarin si dit\u00ebn e tyre, si or\u00ebn e tyre, si t\u00eb v\u00ebrtet\u00ebn e tyre t\u00eb madhe.<\/p>\n<p>Ndaj secili k\u00ebt\u00eb jav\u00eb, k\u00ebto dit\u00eb, secili nga ne dhe \u00e7do opozitar, t\u00eb b\u00ebj\u00eb gjtih\u00e7ka, t\u00eb mos i mungoj\u00eb Shqip\u00ebris\u00eb m\u00eb 24 janar.<\/p>\n<p>T\u00eb mos i mungoj\u00eb liris\u00eb m\u00eb 24 janar.<\/p>\n<p>T\u00eb mos i mungoj\u00eb guximit qytetar m\u00eb 24 janar.<\/p>\n<p>T\u00eb mos i mungoj\u00eb dinjitetit njer\u00ebzor m\u00eb 24 janar.<\/p>\n<p>Miq, mbar\u00eb bota po pret fjal\u00ebn ton\u00eb, z\u00ebrin ton\u00eb, guximin ton\u00eb, veprimin ton\u00eb.<\/p>\n<p>Ngjarje t\u00eb m\u00ebdha, protesta e dhjetorit ushtoi fuqish\u00ebm n\u00eb mbar\u00eb bot\u00ebn.<\/p>\n<p>Z\u00ebri juaj u d\u00ebgjua n\u00eb kat\u00ebr an\u00ebt e planetit.<\/p>\n","protected":false},"excerpt":{"rendered":"<p>Kryetari i PD, Sali Berisha duke folur n\u00eb \u2018Foltoren\u2019 para kryeministris\u00eb, ka b\u00ebr\u00eb t\u00eb ditur se, qytetar\u00ebt jan\u00eb duke e pritur me padurim 24 janarin, dit\u00ebn e protest\u00ebs komb\u00ebtare kund\u00ebr narkoshtetit. Ai tha se, shqiptar\u00ebt po presin 24 janarin si dit\u00ebn e tyre, si or\u00ebn e tyre, si t\u00eb v\u00ebrtet\u00ebn e tyre t\u00eb madhe. Berisha: &hellip;<\/p>\n","protected":false},"author":4,"featured_media":133884,"comment_status":"closed","ping_status":"closed","sticky":false,"template":"","format":"standard","meta":{"footnotes":""},"categories":[37],"tags":[],"class_list":["post-133883","post","type-post","status-publish","format-standard","has-post-thumbnail","","category-politike"],"_links":{"self":[{"href":"https:\/\/rdnews.al\/index.php\/wp-json\/wp\/v2\/posts\/133883","targetHints":{"allow":["GET"]}}],"collection":[{"href":"https:\/\/rdnews.al\/index.php\/wp-json\/wp\/v2\/posts"}],"about":[{"href":"https:\/\/rdnews.al\/index.php\/wp-json\/wp\/v2\/types\/post"}],"author":[{"embeddable":true,"href":"https:\/\/rdnews.al\/index.php\/wp-json\/wp\/v2\/users\/4"}],"replies":[{"embeddable":true,"href":"https:\/\/rdnews.al\/index.php\/wp-json\/wp\/v2\/comments?post=133883"}],"version-history":[{"count":1,"href":"https:\/\/rdnews.al\/index.php\/wp-json\/wp\/v2\/posts\/133883\/revisions"}],"predecessor-version":[{"id":133885,"href":"https:\/\/rdnews.al\/index.php\/wp-json\/wp\/v2\/posts\/133883\/revisions\/133885"}],"wp:featuredmedia":[{"embeddable":true,"href":"https:\/\/rdnews.al\/index.php\/wp-json\/wp\/v2\/media\/133884"}],"wp:attachment":[{"href":"https:\/\/rdnews.al\/index.php\/wp-json\/wp\/v2\/media?parent=133883"}],"wp:term":[{"taxonomy":"category","embeddable":true,"href":"https:\/\/rdnews.al\/index.php\/wp-json\/wp\/v2\/categories?post=133883"},{"taxonomy":"post_tag","embeddable":true,"href":"https:\/\/rdnews.al\/index.php\/wp-json\/wp\/v2\/tags?post=133883"}],"curies":[{"name":"wp","href":"https:\/\/api.w.org\/{rel}","templated":true}]}}