{"id":133940,"date":"2026-01-20T10:33:16","date_gmt":"2026-01-20T10:33:16","guid":{"rendered":"https:\/\/rdnews.al\/?p=133940"},"modified":"2026-01-20T13:29:22","modified_gmt":"2026-01-20T13:29:22","slug":"nuk-lejohen-mediat-ne-eancen-e-ankimimit-kellici-e-keni-bunkerizuar-kuvendin","status":"publish","type":"post","link":"https:\/\/rdnews.al\/index.php\/2026\/01\/20\/nuk-lejohen-mediat-ne-eancen-e-ankimimit-kellici-e-keni-bunkerizuar-kuvendin\/","title":{"rendered":"Nuk lejohen mediat n\u00eb seanc\u00ebn e ankimimit, K\u00eblli\u00e7i: E keni bunkerizuar Kuvendin!"},"content":{"rendered":"<p>Byroja e Kuvendit ka vendosur t\u00eb mos lejoj\u00eb pranin\u00eb e mediave seanc\u00ebn e ankimimit, pavar\u00ebsisht k\u00ebrkes\u00ebs s\u00eb paraqitur nga Grupi Parlamentar i Partis\u00eb Demokratike p\u00ebr transparenc\u00eb.<\/p>\n<p>Vendimi p\u00ebr zhvillimin e seanc\u00ebs pa pranin\u00eb e mediave ka nxitur reagime nga opozita, e cila e konsideron k\u00ebt\u00eb nj\u00eb shkelje t\u00eb parimeve t\u00eb transparenc\u00ebs dhe informimit publik.<\/p>\n<p>&#8220;E keni bunkerizuar Kuvendin e Shqip\u00ebris\u00eb. Kemi k\u00ebrkuar pranin\u00eb e mediave n\u00eb k\u00ebt\u00eb mbledhje, por ju i shmangeni transparenc\u00ebs. Kjo \u00ebsht\u00eb e papranueshme. Nuk mund t\u00eb vazhdohet k\u00ebshtu. Niko Peleshi nuk do duhej t\u2019i shmangej k\u00ebsaj mbledhjeje. Ju, me gard\u00eb, keni marr\u00eb zvarr\u00eb opozit\u00ebn, nd\u00ebrkoh\u00eb q\u00eb jeni kthyer n\u00eb mburoj\u00eb t\u00eb krimit dhe korrupsionit&#8221;, tha K\u00eblli\u00e7i.<\/p>\n","protected":false},"excerpt":{"rendered":"<p>Byroja e Kuvendit ka vendosur t\u00eb mos lejoj\u00eb pranin\u00eb e mediave seanc\u00ebn e ankimimit, pavar\u00ebsisht k\u00ebrkes\u00ebs s\u00eb paraqitur nga Grupi Parlamentar i Partis\u00eb Demokratike p\u00ebr transparenc\u00eb. Vendimi p\u00ebr zhvillimin e seanc\u00ebs pa pranin\u00eb e mediave ka nxitur reagime nga opozita, e cila e konsideron k\u00ebt\u00eb nj\u00eb shkelje t\u00eb parimeve t\u00eb transparenc\u00ebs dhe informimit publik. &#8220;E &hellip;<\/p>\n","protected":false},"author":4,"featured_media":128817,"comment_status":"closed","ping_status":"closed","sticky":false,"template":"","format":"standard","meta":{"footnotes":""},"categories":[37],"tags":[],"class_list":["post-133940","post","type-post","status-publish","format-standard","has-post-thumbnail","","category-politike"],"_links":{"self":[{"href":"https:\/\/rdnews.al\/index.php\/wp-json\/wp\/v2\/posts\/133940","targetHints":{"allow":["GET"]}}],"collection":[{"href":"https:\/\/rdnews.al\/index.php\/wp-json\/wp\/v2\/posts"}],"about":[{"href":"https:\/\/rdnews.al\/index.php\/wp-json\/wp\/v2\/types\/post"}],"author":[{"embeddable":true,"href":"https:\/\/rdnews.al\/index.php\/wp-json\/wp\/v2\/users\/4"}],"replies":[{"embeddable":true,"href":"https:\/\/rdnews.al\/index.php\/wp-json\/wp\/v2\/comments?post=133940"}],"version-history":[{"count":2,"href":"https:\/\/rdnews.al\/index.php\/wp-json\/wp\/v2\/posts\/133940\/revisions"}],"predecessor-version":[{"id":133980,"href":"https:\/\/rdnews.al\/index.php\/wp-json\/wp\/v2\/posts\/133940\/revisions\/133980"}],"wp:featuredmedia":[{"embeddable":true,"href":"https:\/\/rdnews.al\/index.php\/wp-json\/wp\/v2\/media\/128817"}],"wp:attachment":[{"href":"https:\/\/rdnews.al\/index.php\/wp-json\/wp\/v2\/media?parent=133940"}],"wp:term":[{"taxonomy":"category","embeddable":true,"href":"https:\/\/rdnews.al\/index.php\/wp-json\/wp\/v2\/categories?post=133940"},{"taxonomy":"post_tag","embeddable":true,"href":"https:\/\/rdnews.al\/index.php\/wp-json\/wp\/v2\/tags?post=133940"}],"curies":[{"name":"wp","href":"https:\/\/api.w.org\/{rel}","templated":true}]}}