{"id":133947,"date":"2026-01-20T10:55:44","date_gmt":"2026-01-20T10:55:44","guid":{"rendered":"https:\/\/rdnews.al\/?p=133947"},"modified":"2026-01-20T10:55:44","modified_gmt":"2026-01-20T10:55:44","slug":"noka-maxhorances-me-keni-shpallur-armik-data-24-do-tiu-beje-qe-te-dridheni","status":"publish","type":"post","link":"https:\/\/rdnews.al\/index.php\/2026\/01\/20\/noka-maxhorances-me-keni-shpallur-armik-data-24-do-tiu-beje-qe-te-dridheni\/","title":{"rendered":"Noka-maxhoranc\u00ebs: M\u00eb keni shpallur armik! Data 24 do t&#8217;iu b\u00ebj\u00eb q\u00eb t\u00eb dridheni!"},"content":{"rendered":"<p>Grupi parlamentar i PD ka k\u00ebrkuar q\u00eb mbledhja e Byros\u00eb s\u00eb Kuvendit, ku do t\u00eb trajtohet ankimimi i p\u00ebrjashtimit t\u00eb deputet\u00ebve demokrat\u00eb, t\u00eb zhvillohet n\u00eb pranin\u00eb e mediave. Megjithat\u00eb, maxhoranca ka rr\u00ebzuar k\u00ebt\u00eb k\u00ebrkes\u00eb, duke e mbajtur mbledhjen t\u00eb mbyllur p\u00ebr publikun.<\/p>\n<p>Flamur Noka ka akuzuar qeverin\u00eb dhe kryeministrin Edi Rama p\u00ebr p\u00ebrpjekjet p\u00ebr t\u00eb shtypur opozit\u00ebn dhe ka b\u00ebr\u00eb akuza t\u00eb ashpra ndaj qeveris\u00eb, duke e akuzuar p\u00ebr lidhje me \u201cbandat kriminale\u201d dhe individ\u00eb si \u201cTropnil\u00ebt\u201d dhe \u201cErgys Agasin.\u201d<\/p>\n<p>\u201cNe jemi k\u00ebtu p\u00ebr ta kthyer Shqip\u00ebrin\u00eb n\u00eb republik\u00eb parlamentare. Sot mua me k\u00ebt\u00eb vendim tuaj m\u00eb mbushen dy vjet, jam i shpallur armik prej jush. Ndihem krenar, sepse sa m\u00eb shum\u00eb m\u00eb luftoni ju, sa m\u00eb shum\u00eb ushtroni ju presion politik aq m\u00eb shum\u00eb ndihem krenar q\u00eb kam p\u00ebrmbushur misionin tim p\u00ebr t\u00eb luftuar krimin, korrupsionin dhe regjimin tuaj q\u00eb po shkat\u00ebrron dhe po vjedh shqiptar\u00ebt. Ne kemi detyr\u00eb t\u00eb luftojm\u00eb p\u00ebr parlamentarizimit. Ne do ta vazhdojm\u00eb betej\u00ebn ton\u00eb, derisa ju tju k\u00ebrrejm\u00eb. Data 24 do t&#8217;iu b\u00ebj\u00eb q\u00eb t\u00eb dridheni\u201d, tha Noka.<\/p>\n","protected":false},"excerpt":{"rendered":"<p>Grupi parlamentar i PD ka k\u00ebrkuar q\u00eb mbledhja e Byros\u00eb s\u00eb Kuvendit, ku do t\u00eb trajtohet ankimimi i p\u00ebrjashtimit t\u00eb deputet\u00ebve demokrat\u00eb, t\u00eb zhvillohet n\u00eb pranin\u00eb e mediave. Megjithat\u00eb, maxhoranca ka rr\u00ebzuar k\u00ebt\u00eb k\u00ebrkes\u00eb, duke e mbajtur mbledhjen t\u00eb mbyllur p\u00ebr publikun. Flamur Noka ka akuzuar qeverin\u00eb dhe kryeministrin Edi Rama p\u00ebr p\u00ebrpjekjet p\u00ebr t\u00eb &hellip;<\/p>\n","protected":false},"author":4,"featured_media":133948,"comment_status":"closed","ping_status":"closed","sticky":false,"template":"","format":"standard","meta":{"footnotes":""},"categories":[37],"tags":[],"class_list":["post-133947","post","type-post","status-publish","format-standard","has-post-thumbnail","","category-politike"],"_links":{"self":[{"href":"https:\/\/rdnews.al\/index.php\/wp-json\/wp\/v2\/posts\/133947","targetHints":{"allow":["GET"]}}],"collection":[{"href":"https:\/\/rdnews.al\/index.php\/wp-json\/wp\/v2\/posts"}],"about":[{"href":"https:\/\/rdnews.al\/index.php\/wp-json\/wp\/v2\/types\/post"}],"author":[{"embeddable":true,"href":"https:\/\/rdnews.al\/index.php\/wp-json\/wp\/v2\/users\/4"}],"replies":[{"embeddable":true,"href":"https:\/\/rdnews.al\/index.php\/wp-json\/wp\/v2\/comments?post=133947"}],"version-history":[{"count":1,"href":"https:\/\/rdnews.al\/index.php\/wp-json\/wp\/v2\/posts\/133947\/revisions"}],"predecessor-version":[{"id":133949,"href":"https:\/\/rdnews.al\/index.php\/wp-json\/wp\/v2\/posts\/133947\/revisions\/133949"}],"wp:featuredmedia":[{"embeddable":true,"href":"https:\/\/rdnews.al\/index.php\/wp-json\/wp\/v2\/media\/133948"}],"wp:attachment":[{"href":"https:\/\/rdnews.al\/index.php\/wp-json\/wp\/v2\/media?parent=133947"}],"wp:term":[{"taxonomy":"category","embeddable":true,"href":"https:\/\/rdnews.al\/index.php\/wp-json\/wp\/v2\/categories?post=133947"},{"taxonomy":"post_tag","embeddable":true,"href":"https:\/\/rdnews.al\/index.php\/wp-json\/wp\/v2\/tags?post=133947"}],"curies":[{"name":"wp","href":"https:\/\/api.w.org\/{rel}","templated":true}]}}