{"id":133953,"date":"2026-01-20T11:06:19","date_gmt":"2026-01-20T11:06:19","guid":{"rendered":"https:\/\/rdnews.al\/?p=133953"},"modified":"2026-01-20T11:06:19","modified_gmt":"2026-01-20T11:06:19","slug":"vokshi-sa-here-qe-do-te-mbroni-belinden-dhe-agasin-ne-do-na-keni-perballe","status":"publish","type":"post","link":"https:\/\/rdnews.al\/index.php\/2026\/01\/20\/vokshi-sa-here-qe-do-te-mbroni-belinden-dhe-agasin-ne-do-na-keni-perballe\/","title":{"rendered":"Vokshi: Sa her\u00eb q\u00eb do t\u00eb mbroni Belind\u00ebn dhe Agasin ne do na keni p\u00ebrball\u00eb!"},"content":{"rendered":"<p>Deputetja e PD, Albana Vokshi, gjat\u00eb fjal\u00ebs s\u00eb saj n\u00eb mbledhjen e Byros\u00eb s\u00eb Kuvendit tha se, sulmet dhe gjyqi publik ndaj opozit\u00ebs jan\u00eb nj\u00eb p\u00ebrpjekje p\u00ebr t\u00eb mbrojtur krimin dhe korrupsionin, nd\u00ebrsa vet\u00eb opozita q\u00ebndron n\u00eb Kuvend p\u00ebr t\u00eb mbrojtur qytetar\u00ebt dhe interesin e vendit.<\/p>\n<p>Vokshi paralajm\u00ebroi se \u00e7do tentativ\u00eb p\u00ebr t\u00eb mbrojtur individ\u00eb t\u00eb lidhur me skandale korruptive, si Belinda Balluku dhe Agasi, do t\u00eb gjej\u00eb opozit\u00ebn gjithmon\u00eb p\u00ebrball\u00eb.<\/p>\n<p>&#8220;Edhe Enver Hoxha do ta kishte zili k\u00ebt\u00eb gjyq publik q\u00eb po i b\u00ebni opozit\u00ebs. Ju, n\u00eb ato karrige, jeni p\u00ebr t\u00eb mbrojtur krimin dhe korrupsionin, nd\u00ebrsa ne jemi n\u00eb Kuvend p\u00ebr t\u00eb mbrojtur qytetar\u00ebt, p\u00ebr t\u00eb mbrojtur vendin dhe p\u00ebr t\u00eb qen\u00eb garanci q\u00eb Shqip\u00ebria t\u00eb mos rr\u00ebshqas\u00eb drejt komunizmit.<\/p>\n<p>Harrojeni! Ne do t\u00eb na keni gjithmon\u00eb p\u00ebrball\u00eb. Sa her\u00eb q\u00eb mbroni Belind\u00ebn, Agasin apo k\u00ebdo tjet\u00ebr, ne do t\u00eb jemi aty: n\u00eb protest\u00eb dhe n\u00eb betej\u00eb politike, n\u00eb krah t\u00eb qytetar\u00ebve&#8221;, tha Vokshi.<\/p>\n","protected":false},"excerpt":{"rendered":"<p>Deputetja e PD, Albana Vokshi, gjat\u00eb fjal\u00ebs s\u00eb saj n\u00eb mbledhjen e Byros\u00eb s\u00eb Kuvendit tha se, sulmet dhe gjyqi publik ndaj opozit\u00ebs jan\u00eb nj\u00eb p\u00ebrpjekje p\u00ebr t\u00eb mbrojtur krimin dhe korrupsionin, nd\u00ebrsa vet\u00eb opozita q\u00ebndron n\u00eb Kuvend p\u00ebr t\u00eb mbrojtur qytetar\u00ebt dhe interesin e vendit. Vokshi paralajm\u00ebroi se \u00e7do tentativ\u00eb p\u00ebr t\u00eb mbrojtur individ\u00eb &hellip;<\/p>\n","protected":false},"author":4,"featured_media":130928,"comment_status":"closed","ping_status":"closed","sticky":false,"template":"","format":"standard","meta":{"footnotes":""},"categories":[37],"tags":[],"class_list":["post-133953","post","type-post","status-publish","format-standard","has-post-thumbnail","","category-politike"],"_links":{"self":[{"href":"https:\/\/rdnews.al\/index.php\/wp-json\/wp\/v2\/posts\/133953","targetHints":{"allow":["GET"]}}],"collection":[{"href":"https:\/\/rdnews.al\/index.php\/wp-json\/wp\/v2\/posts"}],"about":[{"href":"https:\/\/rdnews.al\/index.php\/wp-json\/wp\/v2\/types\/post"}],"author":[{"embeddable":true,"href":"https:\/\/rdnews.al\/index.php\/wp-json\/wp\/v2\/users\/4"}],"replies":[{"embeddable":true,"href":"https:\/\/rdnews.al\/index.php\/wp-json\/wp\/v2\/comments?post=133953"}],"version-history":[{"count":1,"href":"https:\/\/rdnews.al\/index.php\/wp-json\/wp\/v2\/posts\/133953\/revisions"}],"predecessor-version":[{"id":133954,"href":"https:\/\/rdnews.al\/index.php\/wp-json\/wp\/v2\/posts\/133953\/revisions\/133954"}],"wp:featuredmedia":[{"embeddable":true,"href":"https:\/\/rdnews.al\/index.php\/wp-json\/wp\/v2\/media\/130928"}],"wp:attachment":[{"href":"https:\/\/rdnews.al\/index.php\/wp-json\/wp\/v2\/media?parent=133953"}],"wp:term":[{"taxonomy":"category","embeddable":true,"href":"https:\/\/rdnews.al\/index.php\/wp-json\/wp\/v2\/categories?post=133953"},{"taxonomy":"post_tag","embeddable":true,"href":"https:\/\/rdnews.al\/index.php\/wp-json\/wp\/v2\/tags?post=133953"}],"curies":[{"name":"wp","href":"https:\/\/api.w.org\/{rel}","templated":true}]}}