{"id":13396,"date":"2022-05-25T10:45:27","date_gmt":"2022-05-25T10:45:27","guid":{"rendered":"https:\/\/rdnews.al\/?p=13396"},"modified":"2022-05-25T10:45:27","modified_gmt":"2022-05-25T10:45:27","slug":"bashkia-nuk-u-leshon-ujin-boci-digjen-70-ha-me-miser-ne-shirgjan","status":"publish","type":"post","link":"https:\/\/rdnews.al\/index.php\/2022\/05\/25\/bashkia-nuk-u-leshon-ujin-boci-digjen-70-ha-me-miser-ne-shirgjan\/","title":{"rendered":"Bashkia nuk u l\u00ebshon ujin, Bo\u00e7i: \u201cDigjen\u201d 70 ha me mis\u00ebr n\u00eb Shirgjan\u00a0"},"content":{"rendered":"<p>Deputeti i Partis\u00eb Demokratikem Lu\u00e7iano Bo\u00e7i ka reaguar me nj\u00eb postim n\u00eb faqen e tij n\u00eb facebook p\u00ebr situat\u00ebn e v\u00ebshtir\u00eb n\u00eb t\u00eb cil\u00ebn ndodhen fermer\u00ebt n\u00eb Elbasan.<\/p>\n<p>\u201c70 ha me mis\u00ebr n\u00eb Shirgjan t\u00eb Elbasanit, \u201cdigjen\u201d sepse Bashkia Elbasan nuk i l\u00ebshon ujin vadit\u00ebs fermer\u00ebve\u201d, shkruan deputetei n\u00eb reagimin e tij.<\/p>\n<p><strong>Postimi <\/strong><strong>i plot\u00eb<\/strong><\/p>\n<p>70 ha me mis\u00ebr n\u00eb Shirgjan t\u00eb Elbasanit, \u201cdigjen\u201d sepse Bashkia Elbasan nuk i l\u00ebshon ujin vadit\u00ebs fermer\u00ebve.<\/p>\n<p>Shkak paaft\u00ebsia dhe abuzimi.<\/p>\n<p>Nisur nga k\u00ebrkesat e tregut, fermer\u00ebt e k\u00ebsaj zone kan\u00eb kultivuar mis\u00ebr.<\/p>\n<p>Por nuk e dinin q\u00eb investimi i tyre do shkonte d\u00ebm.<\/p>\n<p>N\u00eb momentin m\u00eb delikat t\u00eb vegjetacionit fermer\u00ebt nuk mund t\u00eb sigurinon vaditjen.<\/p>\n<p>U braktis\u00ebn dhe u p\u00ebr\u00e7muan nga ata t\u00eb cil\u00ebve u paguajn\u00eb \u00e7do dit\u00eb taksat e detyrimet.<\/p>\n<p>Minimalisht BASHKIA tani duhet t\u2019i kompesoj\u00eb!<\/p>\n","protected":false},"excerpt":{"rendered":"<p>Deputeti i Partis\u00eb Demokratikem Lu\u00e7iano Bo\u00e7i ka reaguar me nj\u00eb postim n\u00eb faqen e tij n\u00eb facebook p\u00ebr situat\u00ebn e v\u00ebshtir\u00eb n\u00eb t\u00eb cil\u00ebn ndodhen fermer\u00ebt n\u00eb Elbasan. \u201c70 ha me mis\u00ebr n\u00eb Shirgjan t\u00eb Elbasanit, \u201cdigjen\u201d sepse Bashkia Elbasan nuk i l\u00ebshon ujin vadit\u00ebs fermer\u00ebve\u201d, shkruan deputetei n\u00eb reagimin e tij. Postimi i plot\u00eb &hellip;<\/p>\n","protected":false},"author":4,"featured_media":13397,"comment_status":"open","ping_status":"open","sticky":false,"template":"","format":"standard","meta":{"footnotes":""},"categories":[40],"tags":[],"class_list":["post-13396","post","type-post","status-publish","format-standard","has-post-thumbnail","","category-aktualitet"],"_links":{"self":[{"href":"https:\/\/rdnews.al\/index.php\/wp-json\/wp\/v2\/posts\/13396","targetHints":{"allow":["GET"]}}],"collection":[{"href":"https:\/\/rdnews.al\/index.php\/wp-json\/wp\/v2\/posts"}],"about":[{"href":"https:\/\/rdnews.al\/index.php\/wp-json\/wp\/v2\/types\/post"}],"author":[{"embeddable":true,"href":"https:\/\/rdnews.al\/index.php\/wp-json\/wp\/v2\/users\/4"}],"replies":[{"embeddable":true,"href":"https:\/\/rdnews.al\/index.php\/wp-json\/wp\/v2\/comments?post=13396"}],"version-history":[{"count":0,"href":"https:\/\/rdnews.al\/index.php\/wp-json\/wp\/v2\/posts\/13396\/revisions"}],"wp:featuredmedia":[{"embeddable":true,"href":"https:\/\/rdnews.al\/index.php\/wp-json\/wp\/v2\/media\/13397"}],"wp:attachment":[{"href":"https:\/\/rdnews.al\/index.php\/wp-json\/wp\/v2\/media?parent=13396"}],"wp:term":[{"taxonomy":"category","embeddable":true,"href":"https:\/\/rdnews.al\/index.php\/wp-json\/wp\/v2\/categories?post=13396"},{"taxonomy":"post_tag","embeddable":true,"href":"https:\/\/rdnews.al\/index.php\/wp-json\/wp\/v2\/tags?post=13396"}],"curies":[{"name":"wp","href":"https:\/\/api.w.org\/{rel}","templated":true}]}}