{"id":133985,"date":"2026-01-20T17:51:59","date_gmt":"2026-01-20T17:51:59","guid":{"rendered":"https:\/\/rdnews.al\/?p=133985"},"modified":"2026-01-20T17:54:41","modified_gmt":"2026-01-20T17:54:41","slug":"kreu-i-pd-ne-njesine-nr-4-me-24-janar-protestojme-kunder-korrupsionit-dhe-shpopullimit","status":"publish","type":"post","link":"https:\/\/rdnews.al\/index.php\/2026\/01\/20\/kreu-i-pd-ne-njesine-nr-4-me-24-janar-protestojme-kunder-korrupsionit-dhe-shpopullimit\/","title":{"rendered":"Kreu i PD n\u00eb Nj\u00ebsin\u00eb Nr.4: \u00cbsht\u00eb koha jon\u00eb! T\u00eb mos ndalemi deri n\u00eb krijimin e nj\u00eb qeverie teknike"},"content":{"rendered":"<p>Kryetari i deg\u00ebs s\u00eb PD n\u00eb Nj\u00ebsin\u00eb Nr.4 n\u00eb Tiran\u00eb, Edison Bre\u00e7ani, n\u00eb &#8216;Foltoren&#8217; e radh\u00ebs t\u00eb mbajtur ngriti akuza t\u00eb forta ndaj qeverisjes s\u00eb Edi Ram\u00ebs, duke denoncuar varf\u00ebrin\u00eb ekstreme dhe d\u00ebshtimin e procesit t\u00eb rind\u00ebrtimit pas t\u00ebrmetit, si dhe projektin e Unaz\u00ebs s\u00eb Re.<\/p>\n<p>Ai theksoi se kjo zon\u00eb \u00ebsht\u00eb l\u00ebn\u00eb n\u00eb harres\u00eb, ku qindra familje ende nuk kan\u00eb marr\u00eb banesat q\u00eb u takojn\u00eb, nd\u00ebrsa bonuset e qiras\u00eb jan\u00eb tep\u00ebr t\u00eb ul\u00ebta p\u00ebr t\u00eb p\u00ebrballuar shpenzimet. N\u00eb nj\u00eb koh\u00eb kur \u00e7mimet e qirave variojn\u00eb nga 400 deri n\u00eb 800 euro, Bre\u00e7ani e cil\u00ebsoi situat\u00ebn si nj\u00eb padrejt\u00ebsi t\u00eb organizuar nga pushteti.<\/p>\n<p>Bre\u00e7ani i b\u00ebri thirrje qytetar\u00ebve p\u00ebr nj\u00eb mobilizim masiv, duke shpallur nj\u00eb protest\u00eb t\u00eb fuqishme m\u00eb 24 janar n\u00eb or\u00ebn 17:00, me k\u00ebrkes\u00ebn p\u00ebr krijimin e nj\u00eb qeverie teknike dhe p\u00ebr t\u00eb ndryshuar kursin e vendit.<\/p>\n<p><strong>Fjala e plot\u00eb<\/strong><\/p>\n<p>T\u00eb nderuar demokrat\u00eb t\u00eb nj\u00ebsis\u00eb num\u00ebr 4, mir\u00eb se erdh\u00ebt n\u00eb k\u00ebt\u00eb foltore lirie. I nderuar kryetar i Partis\u00eb Demokratike, Profesor Doktor Sali Berisha, mir\u00eb se erdh\u00ebt n\u00eb nj\u00ebsin\u00eb ton\u00eb. I nderuar zoti Besart Xhaferi, deputet i nj\u00ebsis\u00eb num\u00ebr 4, mir\u00eb se erdh\u00ebt.<\/p>\n<p>Dua ta nis k\u00ebt\u00eb fjalim me mir\u00ebnjohjet e thella p\u00ebr t\u00eb gjith\u00eb t\u00eb pranishmit n\u00eb k\u00ebt\u00eb foltore. Nj\u00eb fal\u00ebnderim t\u00eb ve\u00e7ant\u00eb kam p\u00ebr t\u00eb gjitha strukturat e Partis\u00eb Demokratike t\u00eb k\u00ebsaj nj\u00ebsie. P\u00ebr n\u00ebnkryetar\u00ebt e saj, p\u00ebr kryetar\u00ebt, sekretar\u00ebt e grup-seksioneve, p\u00ebr an\u00ebtar\u00ebt e kryesis\u00eb dhe p\u00ebr t\u00eb gjith\u00eb an\u00ebtar\u00ebt e Partis\u00eb Demokratike nga viti 1991 deri tani. Faleminderit.<\/p>\n<p>Pavar\u00ebsisht \u00e7do presioni q\u00eb ju \u00ebsht\u00eb b\u00ebr\u00eb n\u00eb k\u00ebto zgjedhje fars\u00eb elektorale nga bandat e Edi Ram\u00ebs, ju q\u00ebndruat t\u00eb pal\u00ebkundur ndaj pushtetit t\u00eb Ramadur\u00ebs. Faleminderit q\u00eb shp\u00ebtuat pluralizmin, shp\u00ebtuat Shqip\u00ebrin\u00eb. Kjo nj\u00ebsi \u00ebsht\u00eb nj\u00eb nga nj\u00ebsit\u00eb m\u00eb t\u00eb varfra t\u00eb Tiran\u00ebs. \u00cbsht\u00eb nj\u00eb zon\u00eb e l\u00ebn\u00eb krejt\u00ebsisht n\u00eb harres\u00eb nga Edi Rama. Kjo \u00ebsht\u00eb nj\u00eb nga zonat m\u00eb t\u00eb prekura nga t\u00ebrmeti dhe nd\u00ebrtimi i Unaz\u00ebs s\u00eb Re. Shum\u00eb familje akoma nuk kan\u00eb marr\u00eb banesat q\u00eb ju takojn\u00eb. Disa prej tyre nuk jan\u00eb futur as n\u00eb short marr\u00ebveshje, e disa prej tyre marrin vet\u00ebm 220 mij\u00eb lek\u00eb bonus qiraje, ku n\u00eb k\u00ebt\u00eb koh\u00eb q\u00eb po flasim qiraja \u00ebsht\u00eb 400 deri n\u00eb 800 euro.<\/p>\n<p>Kjo zon\u00eb p\u00ebrb\u00ebhet edhe nga komuniteti egjiptian dhe rom, shum\u00eb t\u00eb nderuar dhe t\u00eb respektuar n\u00eb zon\u00ebn ton\u00eb. Ata jan\u00eb l\u00ebn\u00eb n\u00eb harres\u00eb nga Edi Rama, ku ndihma sociale q\u00eb marrin \u00ebsht\u00eb vet\u00ebm 3 mij\u00eb lek\u00eb n\u00eb muaj. Nj\u00eb tjet\u00ebr problem \u00ebsht\u00eb edhe infrastruktura n\u00eb zon\u00eb, por ajo q\u00eb dhemb m\u00eb shum\u00eb \u00ebsht\u00eb shpopullimi i k\u00ebsaj nj\u00ebsie. Largimi i t\u00eb rinjve, q\u00eb nuk e shohin t\u00eb ardhmen e tyre n\u00eb atdheun e tyre. Koh\u00ebt e fundit kjo nj\u00ebsi \u00ebsht\u00eb kthyer n\u00eb nj\u00eb qend\u00ebr investimesh n\u00eb nd\u00ebrtim, nga bandat e Edi Ram\u00ebs, p\u00ebr t\u00eb pastruar paran\u00eb e fituar nga droga dhe korrupsioni. N\u00eb bashk\u00ebpunim me Ballukun, mjeshtr\u00ebn e vjedhjes s\u00eb taksave tona, ku 1 kilomet\u00ebr \u00ebsht\u00eb plot 20 milion\u00eb euro.<\/p>\n<p>Prandaj, t\u00eb dashur demokrat\u00eb q\u00ebndrestar\u00eb, t\u00eb pamposhtur, m\u00eb dat\u00eb 24 janar, ora 17:00, t\u00eb gjith\u00eb t\u00eb protestojm\u00eb p\u00ebr familjet tona, p\u00ebr f\u00ebmij\u00ebt tan\u00eb, p\u00ebr atdheun ton\u00eb. \u00cbsht\u00eb koha jon\u00eb, \u00ebsht\u00eb koha e guximtar\u00ebve. T\u00eb mos ndalemi deri n\u00eb krijimin e nj\u00eb qeverie teknike. Ta kthejm\u00eb sheshin n\u00eb sheshin e liris\u00eb. Liri, Demokraci, Fitore!<\/p>\n","protected":false},"excerpt":{"rendered":"<p>Kryetari i deg\u00ebs s\u00eb PD n\u00eb Nj\u00ebsin\u00eb Nr.4 n\u00eb Tiran\u00eb, Edison Bre\u00e7ani, n\u00eb &#8216;Foltoren&#8217; e radh\u00ebs t\u00eb mbajtur ngriti akuza t\u00eb forta ndaj qeverisjes s\u00eb Edi Ram\u00ebs, duke denoncuar varf\u00ebrin\u00eb ekstreme dhe d\u00ebshtimin e procesit t\u00eb rind\u00ebrtimit pas t\u00ebrmetit, si dhe projektin e Unaz\u00ebs s\u00eb Re. Ai theksoi se kjo zon\u00eb \u00ebsht\u00eb l\u00ebn\u00eb n\u00eb harres\u00eb, &hellip;<\/p>\n","protected":false},"author":4,"featured_media":133986,"comment_status":"closed","ping_status":"closed","sticky":false,"template":"","format":"standard","meta":{"footnotes":""},"categories":[37],"tags":[],"class_list":["post-133985","post","type-post","status-publish","format-standard","has-post-thumbnail","","category-politike"],"_links":{"self":[{"href":"https:\/\/rdnews.al\/index.php\/wp-json\/wp\/v2\/posts\/133985","targetHints":{"allow":["GET"]}}],"collection":[{"href":"https:\/\/rdnews.al\/index.php\/wp-json\/wp\/v2\/posts"}],"about":[{"href":"https:\/\/rdnews.al\/index.php\/wp-json\/wp\/v2\/types\/post"}],"author":[{"embeddable":true,"href":"https:\/\/rdnews.al\/index.php\/wp-json\/wp\/v2\/users\/4"}],"replies":[{"embeddable":true,"href":"https:\/\/rdnews.al\/index.php\/wp-json\/wp\/v2\/comments?post=133985"}],"version-history":[{"count":2,"href":"https:\/\/rdnews.al\/index.php\/wp-json\/wp\/v2\/posts\/133985\/revisions"}],"predecessor-version":[{"id":133988,"href":"https:\/\/rdnews.al\/index.php\/wp-json\/wp\/v2\/posts\/133985\/revisions\/133988"}],"wp:featuredmedia":[{"embeddable":true,"href":"https:\/\/rdnews.al\/index.php\/wp-json\/wp\/v2\/media\/133986"}],"wp:attachment":[{"href":"https:\/\/rdnews.al\/index.php\/wp-json\/wp\/v2\/media?parent=133985"}],"wp:term":[{"taxonomy":"category","embeddable":true,"href":"https:\/\/rdnews.al\/index.php\/wp-json\/wp\/v2\/categories?post=133985"},{"taxonomy":"post_tag","embeddable":true,"href":"https:\/\/rdnews.al\/index.php\/wp-json\/wp\/v2\/tags?post=133985"}],"curies":[{"name":"wp","href":"https:\/\/api.w.org\/{rel}","templated":true}]}}