{"id":133995,"date":"2026-01-20T18:13:22","date_gmt":"2026-01-20T18:13:22","guid":{"rendered":"https:\/\/rdnews.al\/?p=133995"},"modified":"2026-01-20T18:13:22","modified_gmt":"2026-01-20T18:13:22","slug":"berisha-diktaturat-zgjedhjet-i-kane-farse-vota-vdes-para-se-te-mberrije-ne-kuti","status":"publish","type":"post","link":"https:\/\/rdnews.al\/index.php\/2026\/01\/20\/berisha-diktaturat-zgjedhjet-i-kane-farse-vota-vdes-para-se-te-mberrije-ne-kuti\/","title":{"rendered":"\u00a0Berisha: Diktaturat zgjedhjet i kan\u00eb fars\u00eb, vota vdes para se t\u00eb mb\u00ebrrij\u00eb n\u00eb kuti!"},"content":{"rendered":"<p>Kryetari i PD, Sali Berisha gjat\u00eb \u2018Foltores\u2019 n\u00eb deg\u00ebn 4 t\u00eb PD, ka folur p\u00ebr diktatur\u00ebn autoritare t\u00eb instaluar n\u00eb vend nga Edi Rama. Gjat\u00eb fjal\u00ebs s\u00eb tij, ai u shpreh se, diktatura autoritare e ka zbrazur Shqip\u00ebrin\u00eb, duke larguar 1.1 milion\u00eb shqiptar\u00eb vet\u00ebm n\u00eb hap\u00ebsir\u00ebn \u2018Shengen\u2019.<\/p>\n<p>Duke b\u00ebr\u00eb nj\u00eb krahasim, Berisha i shpreh se, t\u00eb dyja diktaturat, si ajo totalitare dhe kjo autoritare, zgjedhjet i kan\u00eb fars\u00eb, sepse vota vdes para se t\u00eb mb\u00ebrrij\u00eb n\u00eb kuti.<\/p>\n<p><strong>Berisha: <\/strong>T\u00eb dashur an\u00ebtar\u00eb dhe an\u00ebtare t\u00eb Partis\u00eb Demokratike, dega 4, qytetar\u00eb dhe qytetare t\u00eb k\u00ebsaj lagjeje, t\u00eb Tiran\u00ebs dhe t\u00eb mbar\u00eb Shqip\u00ebris\u00eb, mb\u00ebshtet\u00ebsit e mia m\u00eb t\u00eb p\u00ebrzem\u00ebrta.<\/p>\n<p>I dashur zoti kryetar, i dashur Besart, Ilir, Klevis, mir\u00ebmbr\u00ebma dhe shum\u00eb p\u00ebrsh\u00ebndetje.<\/p>\n<p>Vij sot tek ju, n\u00eb nj\u00eb moment jasht\u00ebzakonisht t\u00eb ve\u00e7ant\u00eb p\u00ebr Partin\u00eb Demokratike, p\u00ebr opozit\u00ebn, por edhe p\u00ebr vendin.<\/p>\n<p>Vij sot n\u00eb nj\u00eb moment kur Partia Demokratike dhe opozita ndodhet para prov\u00ebs m\u00eb t\u00eb madhe n\u00eb t\u00ebr\u00eb ekzistenc\u00ebn e saj. Ndodhet para prov\u00ebs s\u00eb p\u00ebrmbushjes s\u00eb misionit t\u00eb saj: shp\u00ebtimit t\u00eb Shqip\u00ebris\u00eb dhe shqiptar\u00ebve nga nj\u00eb regjim, i cili \u00ebsht\u00eb nj\u00eb regjim diktatorial.<\/p>\n<p>Jo i llojit totalitar q\u00eb nuk pranon asnj\u00eb lloj opozite, i llojit autoritar q\u00eb e pranon pluralizmin por e shtyp at\u00eb. P\u00ebr nj\u00eb pjes\u00eb t\u00eb mir\u00eb nga ju q\u00eb kan\u00eb jetuar diktatur\u00ebn komuniste, e kan\u00eb t\u00eb qart\u00eb sa ajo ishte regjimi m\u00eb opresiv, m\u00eb shtyp\u00ebs q\u00eb mund t\u00eb imagjinohej.<\/p>\n<p>Dhe n\u00eb at\u00eb regjim, n\u00eb rast se vendosje ta kund\u00ebrshtoje, hapje me duart e tua dyert e burgut ose varrin t\u00ebnd, ose internimin t\u00ebnd.<\/p>\n<p>N\u00eb diktaturat autoritare nuk ndodh kjo. Dhe ky \u00ebsht\u00eb nj\u00eb dallim thelb\u00ebsor. Diktaturat autoritare, n\u00eb qoft\u00eb se je i vendosur, mund t\u00eb q\u00ebndrosh i pamposhur, pavar\u00ebsisht nga q\u00ebndrimet e saj. Por, n\u00eb t\u00eb dy rastet, pushteti \u00ebsht\u00eb n\u00eb duart e nj\u00eb njeriu.<\/p>\n<p>Ata q\u00eb i kan\u00eb analizuar dhe studiuar k\u00ebto kan\u00eb gjetur se m\u00eb e keqja e t\u00eb gjitha formave t\u00eb diktaturave, nuk \u00ebsht\u00eb ajo q\u00eb mbushte vendin me burgje dhe kampe. M\u00eb e keqja e t\u00eb gjitha t\u00eb k\u00ebqijave \u00ebsht\u00eb diktatura e bandave. Ata q\u00eb e kan\u00eb studiuar e thon\u00eb k\u00ebt\u00eb, \u00ebsht\u00eb m\u00eb e keqja sepse diktatura e bandave nuk ka asnj\u00eb rregull. Nuk ka asnj\u00eb ligj. Nuk respekton asnj\u00eb norm\u00eb. Nuk respekton asnj\u00eb standard.<\/p>\n<p>Ajo v\u00ebrtet, n\u00eb dallim nga e para, nuk ekzekuton, por kjo ekzekuton shpres\u00ebn. Kjo \u00ebsht\u00eb nj\u00eb shpres\u00ebvras\u00ebse e pam\u00ebshir\u00eb. Dhe largon njer\u00ebzit sa asgj\u00eb tjet\u00ebr nga Shqip\u00ebria, nga vendi.<\/p>\n<p>Miq, nga viti 2014 gjer n\u00eb vitin 2023, vet\u00ebm n\u00eb hap\u00ebsir\u00ebn europiane, n\u00eb Schengen, kan\u00eb emigruar 1 milion e 100 mij\u00eb shqiptar\u00eb. Nga t\u00eb cil\u00ebt rreth 700 mij\u00eb t\u00eb rinj. Pra, rriten n\u00eb Shqip\u00ebri, por \u00ebndrr\u00ebn shqiptare nuk e nd\u00ebrtojn\u00eb dot n\u00eb Shqip\u00ebri. Marrin rrug\u00ebt e Europ\u00ebs, rrug\u00ebt e bot\u00ebs p\u00ebr t\u00eb nd\u00ebrtuar \u00ebndrr\u00ebn e tyre.<\/p>\n<p>Dhe ne pak\u00ebsohemi, pak\u00ebsohemi, pak\u00ebsohemi. N\u00eb \u00e7far\u00eb shkalle? Pak\u00ebsohemi n\u00eb at\u00eb shkall\u00eb, saq\u00eb t\u00eb gjith\u00eb, nga Organizata e Kombeve t\u00eb Bashkuara dhe \u00e7do institut tjet\u00ebr q\u00eb merret me demografin\u00eb, shqiptar\u00ebt i shikon si nj\u00eb komb n\u00eb zhdukje.<\/p>\n<p>Si nj\u00eb komb q\u00eb sot kan\u00eb lindur at\u00eb num\u00ebr f\u00ebmij\u00ebsh q\u00eb lindnin 100 vite m\u00eb par\u00eb. Kur ata ishin n\u00eb regjistra 700 mij\u00eb. Shqiptar\u00ebt nga viti 2018 gjer sot, humbasin, mij\u00ebra e mij\u00ebra qytetar\u00eb ndahen nga jeta m\u00eb shum\u00eb sesa lindin.<\/p>\n<p>N\u00eb 10 vite, si kurr\u00eb dhe si asnj\u00eb vend tjet\u00ebr, jemi plakur 10 vjet. Mosha mesatare jon\u00eb \u00ebsht\u00eb rritur 10 vjet. N\u00eb 10 vite, vendi pra u boshatis nga shpresa.<\/p>\n<p>Por n\u00eb qoft\u00eb se n\u00eb 2013-\u00ebn ne ishim njer\u00ebzit m\u00eb t\u00eb paguar, pak merrnim, nuk merrnim shum\u00eb, po m\u00eb t\u00eb paguar ishim se t\u00eb gjith\u00eb k\u00ebta q\u00eb jan\u00eb p\u00ebrreth nesh, p\u00ebrve\u00e7 grek\u00ebve. M\u00eb t\u00eb paguar se dhe bullgar\u00ebt dhe rumun\u00ebt.<\/p>\n<p>Sot jemi m\u00eb t\u00eb keqpaguarit. Sot 49% e jona \u00ebsht\u00eb buz\u00eb varf\u00ebrie ose n\u00eb varf\u00ebri.<\/p>\n<p>T\u00eb dy diktaturat, ajo totalitarja dhe kjo autoritare, jetojn\u00eb dhe mbijetojn\u00eb se ato nuk lejojn\u00eb qytetar\u00ebt t\u00eb votojn\u00eb. Se procesin zgjedhor ato e kan\u00eb fars\u00eb. E kan\u00eb fars\u00eb. N\u00eb t\u00eb dy diktaturat vota vdes para n\u00eb kuti. Tek e para me dajre dhe daulle, tek e dyta me patronazhist\u00eb, me banda dhe forma t\u00eb tjera.<\/p>\n","protected":false},"excerpt":{"rendered":"<p>Kryetari i PD, Sali Berisha gjat\u00eb \u2018Foltores\u2019 n\u00eb deg\u00ebn 4 t\u00eb PD, ka folur p\u00ebr diktatur\u00ebn autoritare t\u00eb instaluar n\u00eb vend nga Edi Rama. Gjat\u00eb fjal\u00ebs s\u00eb tij, ai u shpreh se, diktatura autoritare e ka zbrazur Shqip\u00ebrin\u00eb, duke larguar 1.1 milion\u00eb shqiptar\u00eb vet\u00ebm n\u00eb hap\u00ebsir\u00ebn \u2018Shengen\u2019. Duke b\u00ebr\u00eb nj\u00eb krahasim, Berisha i shpreh se, &hellip;<\/p>\n","protected":false},"author":4,"featured_media":133996,"comment_status":"closed","ping_status":"closed","sticky":false,"template":"","format":"standard","meta":{"footnotes":""},"categories":[37],"tags":[],"class_list":["post-133995","post","type-post","status-publish","format-standard","has-post-thumbnail","","category-politike"],"_links":{"self":[{"href":"https:\/\/rdnews.al\/index.php\/wp-json\/wp\/v2\/posts\/133995","targetHints":{"allow":["GET"]}}],"collection":[{"href":"https:\/\/rdnews.al\/index.php\/wp-json\/wp\/v2\/posts"}],"about":[{"href":"https:\/\/rdnews.al\/index.php\/wp-json\/wp\/v2\/types\/post"}],"author":[{"embeddable":true,"href":"https:\/\/rdnews.al\/index.php\/wp-json\/wp\/v2\/users\/4"}],"replies":[{"embeddable":true,"href":"https:\/\/rdnews.al\/index.php\/wp-json\/wp\/v2\/comments?post=133995"}],"version-history":[{"count":1,"href":"https:\/\/rdnews.al\/index.php\/wp-json\/wp\/v2\/posts\/133995\/revisions"}],"predecessor-version":[{"id":133997,"href":"https:\/\/rdnews.al\/index.php\/wp-json\/wp\/v2\/posts\/133995\/revisions\/133997"}],"wp:featuredmedia":[{"embeddable":true,"href":"https:\/\/rdnews.al\/index.php\/wp-json\/wp\/v2\/media\/133996"}],"wp:attachment":[{"href":"https:\/\/rdnews.al\/index.php\/wp-json\/wp\/v2\/media?parent=133995"}],"wp:term":[{"taxonomy":"category","embeddable":true,"href":"https:\/\/rdnews.al\/index.php\/wp-json\/wp\/v2\/categories?post=133995"},{"taxonomy":"post_tag","embeddable":true,"href":"https:\/\/rdnews.al\/index.php\/wp-json\/wp\/v2\/tags?post=133995"}],"curies":[{"name":"wp","href":"https:\/\/api.w.org\/{rel}","templated":true}]}}