{"id":134009,"date":"2026-01-20T18:31:32","date_gmt":"2026-01-20T18:31:32","guid":{"rendered":"https:\/\/rdnews.al\/?p=134009"},"modified":"2026-01-20T18:31:32","modified_gmt":"2026-01-20T18:31:32","slug":"berisha-nuk-respektohet-as-ligji-e-as-vullneti-i-qytetareve-shpresa-e-vetme-eshte-guximi-qytetar","status":"publish","type":"post","link":"https:\/\/rdnews.al\/index.php\/2026\/01\/20\/berisha-nuk-respektohet-as-ligji-e-as-vullneti-i-qytetareve-shpresa-e-vetme-eshte-guximi-qytetar\/","title":{"rendered":"Berisha: Nuk respektohet as ligji e as vullneti i qytetar\u00ebve, shpresa e vetme \u00ebsht\u00eb guximi qytetar"},"content":{"rendered":"<p>Kryetari i PD, Sali Berisha u shpreh gjat\u00eb takimit me an\u00ebtar\u00ebt dhe simpatizant\u00ebt n\u00eb deg\u00ebn nr.4 n\u00eb Tiran\u00eb, se n\u00eb Shqip\u00ebri nuk respektohet m\u00eb as ligji dhe as vullneti i qytetar\u00ebve.<\/p>\n<p>Berisha tha se, shpresa e vetme \u00ebsht\u00eb revolta qytetare, shpresa e vetme \u00ebsht\u00eb zem\u00ebrimi qytetar, \u00ebsht\u00eb guximi qytetar, ndaj dhe koha \u00ebsht\u00eb epike.<\/p>\n<p><strong>Berisha: <\/strong>E deklarojn\u00eb me dhjet\u00ebra her\u00eb se do e nd\u00ebrtoj\u00eb privati. Asnj\u00eb privat! Do nd\u00ebrtohet me buxhetin e shtetit, me taksat tuaja. N\u00eb k\u00ebto rrethana, kur drejt\u00ebsia bllokohet, n\u00eb k\u00ebto rrethana kur n\u00eb zgjedhje vota vdes pa hyr\u00eb n\u00eb kuti, n\u00eb k\u00ebto rrethana kur nuk respektohet asnj\u00eb ligj, asnj\u00eb vullnet, shpresa e vetme, shpresa e vetme \u00ebsht\u00eb revolta qytetare.<\/p>\n<p>Shpresa e vetme \u00ebsht\u00eb zem\u00ebrimi qytetar, \u00ebsht\u00eb guximi qytetar. Ndaj dhe koha \u00ebsht\u00eb epike. Koha \u00ebsht\u00eb e nj\u00eb r\u00ebnd\u00ebsie p\u00ebrcaktuese p\u00ebr fatin e shqiptar\u00ebve. Partia Demokratike \u00ebsht\u00eb forca e vetme q\u00eb mund ta, mund t\u00eb p\u00ebrmbush\u00eb misionin. Ajo e ka provuar.<\/p>\n<p>Miq, partit\u00eb krijohen, vijn\u00eb n\u00eb kulm, zhduken, e t\u00eb tjera, kjo \u00ebsht\u00eb historia e tyre. Por nj\u00eb gj\u00eb, kjo parti e ka provuar: parti e pamposhtur. Dhe duhet t\u00eb jeni shum\u00eb krenar\u00eb me k\u00ebt\u00eb. Duhet t\u00eb jeni shum\u00eb krenar\u00eb me k\u00ebt\u00eb.<\/p>\n<p>Duhet t\u00eb jeni krenar\u00eb ju dhe f\u00ebmij\u00ebt tuaj, p\u00ebr investimin q\u00eb keni b\u00ebr\u00eb n\u00eb k\u00ebt\u00eb parti. E themeluat 35 vite m\u00eb par\u00eb. S&#8217;po rri, nuk po ndalem k\u00ebtu t\u00eb p\u00ebrshkruaj kushtet n\u00eb t\u00eb cilat e themeluat. Por ndat\u00eb epokat, transformuat Shqip\u00ebrin\u00eb. Erdhi rebelimi komunist i vitit &#8217;97. Besuan se na shuan. Besuan se u zhduk\u00ebm. Gabim kishim b\u00ebr\u00eb? Duhet njohur, duhet pranuar. Por gabimi yn\u00eb nuk ishte, nuk kishte ardhur kurr\u00eb se ne i donim piramidat dhe skemat piramidale. Jo!<\/p>\n<p>S&#8217;\u00ebsht\u00eb e v\u00ebrtet\u00eb. Ne nuk i njihnim, kjo \u00ebsht\u00eb e v\u00ebrtet\u00eb. Dhe sapo e mor\u00ebm vesh se \u00e7far\u00eb jan\u00eb, pavar\u00ebsisht nga pasojat dhe \u00e7mimin q\u00eb do paguanim, i rr\u00ebzuam nj\u00ebra pas tjetr\u00ebs. Dhe ja ku u them un\u00eb ju k\u00ebtu. Un\u00eb u kam th\u00ebn\u00eb n\u00eb at\u00eb koh\u00eb bashk\u00ebpun\u00ebtor\u00ebve t\u00eb mi: tani p\u00ebr ne ka vet\u00ebm nj\u00eb rrug\u00eb. Cila rrug\u00eb? T\u00eb dalim n\u00eb opozit\u00eb. Se ne s&#8217;mund t\u00eb qeverisim dhe s&#8217;do qeverisim kurr\u00eb njer\u00ebz q\u00eb mendojn\u00eb se ua kemi vjedhur parat\u00eb. Sepse ngjiti ajo. K\u00ebta u than\u00eb qytetar\u00ebve \u2018i ka marr\u00eb qeveria parat\u00eb e skemave\u2019.<\/p>\n<p>Qeveria s&#8217;kishte marr\u00eb asnj\u00eb qindark\u00eb. Asnj\u00eb qindark\u00eb! Mir\u00ebpo, ndonj\u00ebher\u00eb ajo&#8230; u besua p\u00ebr momentin, se ato para i kishte marr\u00eb qeveria, i futi n\u00eb buxhet. Edhe u them bashk\u00ebpun\u00ebtor\u00ebve t\u00eb mi: tani ne m\u00eb tutje nuk shkojm\u00eb. Kaq. Ne do dalim n\u00eb opozit\u00eb, do faktohet q\u00eb ne s&#8217;kemi prekur nj\u00eb qindark\u00eb, cili do jet\u00eb \u00e7mimi, edhe pastaj ne ashtu vepruam.<\/p>\n<p>B\u00ebn\u00eb gjith\u00e7ka, s&#8217;gjet\u00ebn asgj\u00eb. Fituam zgjedhjet e 2001-shit. T\u00eb famshmen, me Dushkun, ju kujtohet. 10-12 mandate me nj\u00eb zon\u00eb. \u00c7far\u00eb s&#8217;b\u00ebn\u00eb, policia. Po ia dol\u00ebm ama. Po, po. Raporti i nd\u00ebrkomb\u00ebtar\u00ebve u p\u00ebrmbys nga raporti yn\u00eb, nga Libri i Zi. E nj\u00ebjta gj\u00eb u b\u00eb n\u00eb 2025-\u00ebn. N\u00eb 2025-\u00ebn Edi Rama b\u00ebri gjith\u00e7ka q\u00eb ta p\u00ebrmbyste raportin. I k\u00ebrc\u00ebnoi n\u00eb m\u00ebnyr\u00ebn m\u00eb t\u00eb eg\u00ebr v\u00ebzhguesit nd\u00ebrkomb\u00ebtar\u00eb dhe drejtuesit e tyre. Por ata njer\u00ebz me karakter dhe ne b\u00ebm\u00eb pun\u00ebn ton\u00eb. Mbrojt\u00ebm vot\u00ebn. Paraqit\u00ebm me qindra-mij\u00ebra dokumente.<\/p>\n<p>Libri i Zi i zgjedhjeve sot \u00ebsht\u00eb 1500 faqe. Dhe zgjedhjet mbet\u00ebn. N\u00eb qoft\u00eb se ju kujtohet, n\u00eb 2021, t\u00eb nes\u00ebrmen i vinte mesazhi Edi Ram\u00ebs nga Departamenti i Shtetit: \u2018Mezi presim t\u00eb punojm\u00eb me ty\u2019. Dhe pa k\u00ebrkuar fare si\u00e7 ishte zakoni, q\u00eb t\u00eb pakt\u00ebn thuhet q\u00eb shpresojm\u00eb t&#8217;i adresoni ankesat. S&#8217;kishte m\u00eb ankesa. Ishte fitimtarin koh\u00eb kur e kishte vjedhur.<\/p>\n<p>N\u00eb 2021-shin nuk fitoi. As 2025-\u00ebn. Po pse nuk fitoi? Se \u00e7far\u00eb b\u00ebri n\u00eb 2021-shin? Pagoi n\u00eb prill t\u00eb 2021-shit 130 milion\u00eb euro, 10-12 mij\u00eb familje n\u00eb zon\u00ebn e Durr\u00ebsit, Kruj\u00ebs, La\u00e7it, Lezh\u00ebs, Kurbinit, Tiran\u00ebs, Kavaj\u00ebs, para p\u00ebr t\u00ebrmetin. Para p\u00ebr t\u00ebrmetin! Bleu votat. Vet\u00ebm me at\u00eb s&#8217;b\u00ebhej dot. Por historia jon\u00eb pastaj tjet\u00ebr ajo.<\/p>\n<p>&nbsp;<\/p>\n","protected":false},"excerpt":{"rendered":"<p>Kryetari i PD, Sali Berisha u shpreh gjat\u00eb takimit me an\u00ebtar\u00ebt dhe simpatizant\u00ebt n\u00eb deg\u00ebn nr.4 n\u00eb Tiran\u00eb, se n\u00eb Shqip\u00ebri nuk respektohet m\u00eb as ligji dhe as vullneti i qytetar\u00ebve. Berisha tha se, shpresa e vetme \u00ebsht\u00eb revolta qytetare, shpresa e vetme \u00ebsht\u00eb zem\u00ebrimi qytetar, \u00ebsht\u00eb guximi qytetar, ndaj dhe koha \u00ebsht\u00eb epike. Berisha: &hellip;<\/p>\n","protected":false},"author":4,"featured_media":134010,"comment_status":"closed","ping_status":"closed","sticky":false,"template":"","format":"standard","meta":{"footnotes":""},"categories":[37],"tags":[],"class_list":["post-134009","post","type-post","status-publish","format-standard","has-post-thumbnail","","category-politike"],"_links":{"self":[{"href":"https:\/\/rdnews.al\/index.php\/wp-json\/wp\/v2\/posts\/134009","targetHints":{"allow":["GET"]}}],"collection":[{"href":"https:\/\/rdnews.al\/index.php\/wp-json\/wp\/v2\/posts"}],"about":[{"href":"https:\/\/rdnews.al\/index.php\/wp-json\/wp\/v2\/types\/post"}],"author":[{"embeddable":true,"href":"https:\/\/rdnews.al\/index.php\/wp-json\/wp\/v2\/users\/4"}],"replies":[{"embeddable":true,"href":"https:\/\/rdnews.al\/index.php\/wp-json\/wp\/v2\/comments?post=134009"}],"version-history":[{"count":1,"href":"https:\/\/rdnews.al\/index.php\/wp-json\/wp\/v2\/posts\/134009\/revisions"}],"predecessor-version":[{"id":134011,"href":"https:\/\/rdnews.al\/index.php\/wp-json\/wp\/v2\/posts\/134009\/revisions\/134011"}],"wp:featuredmedia":[{"embeddable":true,"href":"https:\/\/rdnews.al\/index.php\/wp-json\/wp\/v2\/media\/134010"}],"wp:attachment":[{"href":"https:\/\/rdnews.al\/index.php\/wp-json\/wp\/v2\/media?parent=134009"}],"wp:term":[{"taxonomy":"category","embeddable":true,"href":"https:\/\/rdnews.al\/index.php\/wp-json\/wp\/v2\/categories?post=134009"},{"taxonomy":"post_tag","embeddable":true,"href":"https:\/\/rdnews.al\/index.php\/wp-json\/wp\/v2\/tags?post=134009"}],"curies":[{"name":"wp","href":"https:\/\/api.w.org\/{rel}","templated":true}]}}