{"id":134012,"date":"2026-01-20T18:45:04","date_gmt":"2026-01-20T18:45:04","guid":{"rendered":"https:\/\/rdnews.al\/?p=134012"},"modified":"2026-01-20T18:45:04","modified_gmt":"2026-01-20T18:45:04","slug":"berisha-donin-te-kapnin-opoziten-por-ju-u-ngritet-dhe-shpetuat-pd-ne-me-24-janar-te-gjithe-bashke-ne-betejen-tone","status":"publish","type":"post","link":"https:\/\/rdnews.al\/index.php\/2026\/01\/20\/berisha-donin-te-kapnin-opoziten-por-ju-u-ngritet-dhe-shpetuat-pd-ne-me-24-janar-te-gjithe-bashke-ne-betejen-tone\/","title":{"rendered":"Berisha: Donin t\u00eb kapnin opozit\u00ebn, por ju u ngrit\u00ebt dhe shp\u00ebtuat PD-n\u00eb! M\u00eb 24 Janar t\u00eb gjith\u00eb bashk\u00eb n\u00eb betej\u00ebn ton\u00eb"},"content":{"rendered":"<p>Kryetari i PD, Sali Berisha u shpreh para demorat\u00ebve t\u00eb deg\u00ebs 4 n\u00eb Tiran\u00eb se, Edi Rama me an\u00eb t\u00eb Don Aga\u00e7ios donte t\u00eb kapte opozit\u00ebn, por demokrat\u00ebt nuk desh\u00ebn at\u00eb opozit\u00eb dhe u ngrit\u00ebn e shp\u00ebtuan Partin\u00eb Demokratike duke shp\u00ebtuar edhe opozitarizmin n\u00eb Shqip\u00ebri.<\/p>\n<p>N\u00eb fund, Berisha b\u00ebri thirrje q\u00eb n\u00eb dat\u00ebn 24 janar, t\u00eb gjith\u00eb t\u00eb dalin n\u00eb shesh p\u00ebr betej\u00ebn vendimtare kund\u00ebr narkoshtetit.<\/p>\n<p><strong>Berisha: <\/strong>Ne u ngrit\u00ebm dhe k\u00ebsaj here s\u2019\u00ebsht\u00eb asnj\u00eb forc\u00eb tjet\u00ebr politike ndofta kurr\u00eb, n\u00eb nj\u00eb moment kur donin t\u00eb na vinin kapist\u00ebr apo t\u00eb na vinin n\u00ebn kontroll. Tani do ju them un\u00eb ju nj\u00eb gj\u00eb k\u00ebtu.<\/p>\n<p>Para 5 vitesh, ky mafiozi q\u00eb quhet Don Aga\u00e7io, i thot\u00eb nj\u00eb mikut t\u00eb vet: &#8216;Tani thot\u00eb, opozit\u00ebn e kemi si\u00e7 e duam ne&#8217;. Se i kishin hapur dy dosje atij ish-kryetarit ton\u00eb. Nj\u00ebr\u00ebn p\u00ebr Toyota Yaris dhe tjetr\u00ebn p\u00ebr at\u00eb financimet ruse q\u00eb i thonin.<\/p>\n<p>Dhe ato tani, n\u00eb m\u00ebngjes e th\u00ebrrisnin n\u00eb prokurori, n\u00eb dark\u00eb i shkonte Aga\u00e7i. Dhe n\u00eb k\u00ebt\u00eb m\u00ebnyr\u00eb kishin n\u00eb kontroll opozit\u00ebn. Dhe tani i tha ai, tani e kemi opozit\u00ebn q\u00eb duam ne. Mir\u00ebpo at\u00eb opozit\u00eb q\u00eb desh\u00ebn ata, ju nuk e desh\u00ebt at\u00eb opozit\u00eb. Ju donit opozit\u00eb t\u00eb v\u00ebrtet\u00eb. Dhe ju me guximin tuaj, jasht\u00eb t\u00eb gjitha parashikimeve, kundrejt presioneve m\u00eb t\u00eb jasht\u00ebzakonshme, shqiptare e nd\u00ebrkomb\u00ebtare, ju u ngrit\u00ebt dhe shp\u00ebtuat Partin\u00eb Demokratike.<\/p>\n<p>Ju u ngrit\u00ebt, shp\u00ebtuat pluralizmin. Shp\u00ebtuat pluralizmin. Q\u00eb t\u00eb ishte i v\u00ebrtet\u00eb dhe jo fals. Shp\u00ebtuat opozit\u00ebn e vendit, q\u00eb t\u00eb ishte e v\u00ebrtet\u00eb dhe jo false, jo kalb\u00ebse. Ndaj dhe kjo faktoi p\u00ebrs\u00ebri, faktoi p\u00ebrs\u00ebri se jeni t\u00eb pamposhtur. E kam th\u00ebn\u00eb dhe e them 100 her\u00eb, n\u00eb qoft\u00eb se kjo parti do t\u00eb kishte nj\u00eb em\u00ebr t\u00eb dyt\u00eb e &#8216;E pamposhtur&#8217;, ky do ishte emri i saj.<\/p>\n<p>Ndaj dhe, ose mund t&#8217;i themi q\u00eb b\u00ebn t\u00eb pamundur\u00ebn t\u00eb mundur. N\u00eb t\u00eb gjitha k\u00ebto raste ne kemi b\u00ebr\u00eb t\u00eb pamundur\u00ebn t\u00eb mundur. Kujt ia priste mendja se ne do t\u00eb ekzistonim si forc\u00eb reale politike n\u00eb koh\u00eb kur na v\u00ebrshonin nga t\u00eb gjith\u00eb bota, n\u00eb koh\u00eb kur na fut\u00ebn n\u00eb izolimin m\u00eb t\u00eb thell\u00eb, dhjet\u00eb pash n\u00ebn tok\u00eb, nga t\u00eb gjitha an\u00ebt.<\/p>\n<p>Po ne u ngrit\u00ebm se ishte e padrejt\u00eb. Si u ngrit\u00ebm? Me drit\u00ebn e t\u00eb v\u00ebrtet\u00ebs. Ne mbrojt\u00ebm t\u00eb v\u00ebrtet\u00ebn q\u00eb besonim. Ne besonim se Shqip\u00ebria duhet t\u00eb ket\u00eb opozit\u00eb. Pse po ndal\u00ebm k\u00ebto? Jo p\u00ebr ndonj\u00eb arsye tjet\u00ebr, po vet\u00ebm e vet\u00ebm p\u00ebr t\u00eb v\u00ebn\u00eb n\u00eb dukje, p\u00ebr t\u00eb theksuar misionin q\u00eb kemi. Misioni yn\u00eb \u00ebsht\u00eb ti shporrim nga pushteti k\u00ebt\u00eb regjim kriminal, k\u00ebt\u00eb organizat\u00eb kriminale.<\/p>\n<p>T\u00eb mos pajtohemi n\u00eb asnj\u00eb m\u00ebnyr\u00eb me t\u00eb. T\u00eb q\u00ebndrojm\u00eb t\u00eb betuar, t\u00eb vazhdojm\u00eb p\u00ebrpjekjen ton\u00eb gjer n\u00eb largimin e tyre. Ju garantoj se ecim t\u00eb sigurt drejt fitores. Nuk ka asgj\u00eb m\u00eb t\u00eb fort\u00eb se idealet e njeriut. Nuk ka asgj\u00eb m\u00eb t\u00eb fuqishme se guximi i njer\u00ebzve idealist\u00eb. Se vendimi i tyre p\u00ebr t&#8217;u q\u00ebndruar besnik idealeve t\u00eb veta.<\/p>\n<p>K\u00ebrkon sakrifica, k\u00ebrkon lodhje, k\u00ebrkon privacione, por fitorja \u00ebsht\u00eb absolutisht e sigurt. Ndaj dhe ju ftoj, m\u00eb 24, t\u00eb bashkohemi t\u00eb gjith\u00eb qytetar\u00ebt e Tiran\u00ebs, t\u00eb gjith\u00eb qytetar\u00ebt shqiptar\u00eb. Protesta e kaluar \u00ebsht\u00eb protesta q\u00eb i ka patur jehon\u00ebn m\u00eb t\u00eb madhe bot\u00ebrore. Ja u them un\u00eb k\u00ebtu. Titujt kryesor\u00eb: &#8216;Shishet molotov n\u00eb zyr\u00ebn e Erionit&#8217;. K\u00ebto ishin. Sepse po mbron Lubi Ballukun. Faji shkonte te Erion Rama pra. Sepse po mbron Lubi Ballukun, po mbron korrupsionin. Miq, nuk rr\u00ebzohet nj\u00eb qeveri kur ajo vjen nga vota e lir\u00eb. Nj\u00eb qeveri q\u00eb del nga vota e lir\u00eb rr\u00ebzohet me vot\u00ebn e lir\u00eb.<\/p>\n<p>Po nj\u00eb qeveri q\u00eb vjen nga zgjedhje fars\u00eb, nuk ka legjitimitet asnj\u00eb or\u00eb. Nj\u00eb qeveri q\u00eb vjen nga vota e lir\u00eb, por q\u00eb vjedh qytetar\u00ebt dhe mbron korrupsionin, nuk ka asnj\u00eb or\u00eb legjitimitet. Duhet t\u00eb zhduket nga zem\u00ebrimi popullor. Edi Rama ka ardhur nga fars\u00eb elektorale. Edi Rama ka vjedhur qytetar\u00ebt dhe po vjedh qytetar\u00ebt. Duhet t\u00eb jemi dy her\u00eb t\u00eb motivuar p\u00ebr t&#8217;i dh\u00ebn\u00eb fundin e merituar t\u00eb \u00e7do narkodiktatori.<\/p>\n<p>Dhe e mbyll k\u00ebtu duke i th\u00ebn\u00eb edhe nj\u00ebher\u00eb: Mos harro shkurtin! Mos harro Enver Hoxh\u00ebn se si e pati fatin e tij rrug\u00ebve t\u00eb Tiran\u00ebs. V\u00ebrtet ishte bronz, po ishte dhjet\u00eb her\u00eb m\u00eb i fuqish\u00ebm se ti n\u00eb Shqip\u00ebrin\u00eb e at\u00ebhershme. Kurse ty, shqiptar\u00ebt do t\u00eb japin at\u00eb q\u00eb meriton. M\u00eb 24 t\u00eb gjith\u00eb bashk\u00eb n\u00eb betej\u00ebn ton\u00eb.<\/p>\n<p>Faleminderit!<\/p>\n","protected":false},"excerpt":{"rendered":"<p>Kryetari i PD, Sali Berisha u shpreh para demorat\u00ebve t\u00eb deg\u00ebs 4 n\u00eb Tiran\u00eb se, Edi Rama me an\u00eb t\u00eb Don Aga\u00e7ios donte t\u00eb kapte opozit\u00ebn, por demokrat\u00ebt nuk desh\u00ebn at\u00eb opozit\u00eb dhe u ngrit\u00ebn e shp\u00ebtuan Partin\u00eb Demokratike duke shp\u00ebtuar edhe opozitarizmin n\u00eb Shqip\u00ebri. N\u00eb fund, Berisha b\u00ebri thirrje q\u00eb n\u00eb dat\u00ebn 24 janar, &hellip;<\/p>\n","protected":false},"author":4,"featured_media":134013,"comment_status":"closed","ping_status":"closed","sticky":false,"template":"","format":"standard","meta":{"footnotes":""},"categories":[37],"tags":[],"class_list":["post-134012","post","type-post","status-publish","format-standard","has-post-thumbnail","","category-politike"],"_links":{"self":[{"href":"https:\/\/rdnews.al\/index.php\/wp-json\/wp\/v2\/posts\/134012","targetHints":{"allow":["GET"]}}],"collection":[{"href":"https:\/\/rdnews.al\/index.php\/wp-json\/wp\/v2\/posts"}],"about":[{"href":"https:\/\/rdnews.al\/index.php\/wp-json\/wp\/v2\/types\/post"}],"author":[{"embeddable":true,"href":"https:\/\/rdnews.al\/index.php\/wp-json\/wp\/v2\/users\/4"}],"replies":[{"embeddable":true,"href":"https:\/\/rdnews.al\/index.php\/wp-json\/wp\/v2\/comments?post=134012"}],"version-history":[{"count":1,"href":"https:\/\/rdnews.al\/index.php\/wp-json\/wp\/v2\/posts\/134012\/revisions"}],"predecessor-version":[{"id":134014,"href":"https:\/\/rdnews.al\/index.php\/wp-json\/wp\/v2\/posts\/134012\/revisions\/134014"}],"wp:featuredmedia":[{"embeddable":true,"href":"https:\/\/rdnews.al\/index.php\/wp-json\/wp\/v2\/media\/134013"}],"wp:attachment":[{"href":"https:\/\/rdnews.al\/index.php\/wp-json\/wp\/v2\/media?parent=134012"}],"wp:term":[{"taxonomy":"category","embeddable":true,"href":"https:\/\/rdnews.al\/index.php\/wp-json\/wp\/v2\/categories?post=134012"},{"taxonomy":"post_tag","embeddable":true,"href":"https:\/\/rdnews.al\/index.php\/wp-json\/wp\/v2\/tags?post=134012"}],"curies":[{"name":"wp","href":"https:\/\/api.w.org\/{rel}","templated":true}]}}