{"id":134017,"date":"2026-01-20T22:31:46","date_gmt":"2026-01-20T22:31:46","guid":{"rendered":"https:\/\/rdnews.al\/?p=134017"},"modified":"2026-01-20T22:31:46","modified_gmt":"2026-01-20T22:31:46","slug":"ish-ministri-socialist-kongresi-amerikan-eshte-i-shqetesuar-qe-vendi-eshte-kthyer-ne-qendren-e-drogave","status":"publish","type":"post","link":"https:\/\/rdnews.al\/index.php\/2026\/01\/20\/ish-ministri-socialist-kongresi-amerikan-eshte-i-shqetesuar-qe-vendi-eshte-kthyer-ne-qendren-e-drogave\/","title":{"rendered":"Ish-ministri socialist\/ &#8220;Kongresi amerikan \u00ebsht\u00eb i shqet\u00ebsuar q\u00eb vendi \u00ebsht\u00eb kthyer n\u00eb qendr\u00ebn e drogave&#8221;"},"content":{"rendered":"<p>Ish-ministri i Financave, Arben Malaj, n\u00eb nj\u00eb lidhje direkte\u00a0 p\u00ebr nj\u00eb emision televiziv, deklaroi se kryeministri Edi Rama ka abuzuar me besimin e socialist\u00ebve.<\/p>\n<p>\u201cUn\u00eb u rrita n\u00eb nj\u00eb parti demokratike dhe sapo pash\u00eb autokracin\u00eb, u largova\u2026 Ai abuzoi me besimin q\u00eb i dhan\u00eb socialist\u00ebt. Ai krijoi Rilindjen, nuk vazhdoi me nj\u00eb parti demokratike dhe t\u00eb moderuar\u201d, tha Malaj.<\/p>\n<p>Sipas ish-ministrit t\u00eb Financave, \u201cShqip\u00ebria \u00ebsht\u00eb b\u00ebr\u00eb vendi m\u00eb i rrezikuar dhe sot Kongresi amerikan \u00ebsht\u00eb i shqet\u00ebsuar q\u00eb vendi \u00ebsht\u00eb kthyer n\u00eb qendr\u00ebn e drogave\u201d.<\/p>\n","protected":false},"excerpt":{"rendered":"<p>Ish-ministri i Financave, Arben Malaj, n\u00eb nj\u00eb lidhje direkte\u00a0 p\u00ebr nj\u00eb emision televiziv, deklaroi se kryeministri Edi Rama ka abuzuar me besimin e socialist\u00ebve. \u201cUn\u00eb u rrita n\u00eb nj\u00eb parti demokratike dhe sapo pash\u00eb autokracin\u00eb, u largova\u2026 Ai abuzoi me besimin q\u00eb i dhan\u00eb socialist\u00ebt. Ai krijoi Rilindjen, nuk vazhdoi me nj\u00eb parti demokratike dhe &hellip;<\/p>\n","protected":false},"author":3,"featured_media":35478,"comment_status":"closed","ping_status":"closed","sticky":false,"template":"","format":"standard","meta":{"footnotes":""},"categories":[37],"tags":[],"class_list":["post-134017","post","type-post","status-publish","format-standard","has-post-thumbnail","","category-politike"],"_links":{"self":[{"href":"https:\/\/rdnews.al\/index.php\/wp-json\/wp\/v2\/posts\/134017","targetHints":{"allow":["GET"]}}],"collection":[{"href":"https:\/\/rdnews.al\/index.php\/wp-json\/wp\/v2\/posts"}],"about":[{"href":"https:\/\/rdnews.al\/index.php\/wp-json\/wp\/v2\/types\/post"}],"author":[{"embeddable":true,"href":"https:\/\/rdnews.al\/index.php\/wp-json\/wp\/v2\/users\/3"}],"replies":[{"embeddable":true,"href":"https:\/\/rdnews.al\/index.php\/wp-json\/wp\/v2\/comments?post=134017"}],"version-history":[{"count":1,"href":"https:\/\/rdnews.al\/index.php\/wp-json\/wp\/v2\/posts\/134017\/revisions"}],"predecessor-version":[{"id":134018,"href":"https:\/\/rdnews.al\/index.php\/wp-json\/wp\/v2\/posts\/134017\/revisions\/134018"}],"wp:featuredmedia":[{"embeddable":true,"href":"https:\/\/rdnews.al\/index.php\/wp-json\/wp\/v2\/media\/35478"}],"wp:attachment":[{"href":"https:\/\/rdnews.al\/index.php\/wp-json\/wp\/v2\/media?parent=134017"}],"wp:term":[{"taxonomy":"category","embeddable":true,"href":"https:\/\/rdnews.al\/index.php\/wp-json\/wp\/v2\/categories?post=134017"},{"taxonomy":"post_tag","embeddable":true,"href":"https:\/\/rdnews.al\/index.php\/wp-json\/wp\/v2\/tags?post=134017"}],"curies":[{"name":"wp","href":"https:\/\/api.w.org\/{rel}","templated":true}]}}