{"id":134023,"date":"2026-01-21T09:57:03","date_gmt":"2026-01-21T09:57:03","guid":{"rendered":"https:\/\/rdnews.al\/?p=134023"},"modified":"2026-01-21T09:57:03","modified_gmt":"2026-01-21T09:57:03","slug":"gazetarja-irena-gjoka-nuk-mund-te-ushtroje-profesionin-e-gjyqtares","status":"publish","type":"post","link":"https:\/\/rdnews.al\/index.php\/2026\/01\/21\/gazetarja-irena-gjoka-nuk-mund-te-ushtroje-profesionin-e-gjyqtares\/","title":{"rendered":"Gazetarja: Irena Gjoka nuk mund t\u00eb ushtroj\u00eb profesionin e gjyqtares!"},"content":{"rendered":"<p>Gjat\u00eb hetimeve t\u00eb thelluara, t\u00eb kryera nga sektori i dekriminalizimit n\u00eb Prokurorin\u00eb e P\u00ebrgjithshme, p\u00ebr gjyqtaren Irena Gjoka, \u00ebsht\u00eb arritur n\u00eb p\u00ebrfundimin se ka fshehur d\u00ebnimin n\u00eb Greqi.<\/p>\n<p>Gjat\u00eb intervist\u00ebs n\u00eb \u201cStudio24\u201d n\u00eb News24 gazetarja Klodiana tha se, n\u00ebse gjyqtarja Gjoka do ta kishte deklaruar k\u00ebt\u00eb n\u00eb formularin e dekriminalizimit at\u00ebher\u00eb nuk do t\u00eb kishte penalitet.<\/p>\n<p>Gjithashtu shpjegoi se n\u00eb Gjykat\u00ebn e Posa\u00e7me nuk mund t\u00eb jen\u00eb gjyqtar\u00eb q\u00eb kan\u00eb probleme me ligjin p\u00ebr shkak se b\u00ebhen leht\u00ebsisht t\u00eb shantazhuesh\u00ebm p\u00ebr eksponent\u00eb t\u00eb politik\u00ebs apo krimit<\/p>\n<p>\u201cN\u00ebse zonja Gjoka do ta kishte deklaruar k\u00ebt\u00eb rekord jasht\u00eb vendit nuk do kishte shkelje t\u00eb ligjit. P\u00ebr shkak t\u00eb koh\u00ebs s\u00eb gjat\u00eb p\u00ebr mbi dy dekada nuk do kishte penalitet n\u00ebse do ishte pasqyruar n\u00eb formularin e dekriminalizimit. Nuk \u00ebsht\u00eb \u00e7\u00ebshtje e harruar. N\u00ebse zonja Gjoka dhe prokuroria e posa\u00e7me provon se \u00ebsht\u00eb e d\u00ebnuar nuk mund t\u00eb q\u00ebndroj\u00eb n\u00eb funksionin e gjyqtares n\u00eb Republik\u00ebn e Shqip\u00ebris\u00eb.<\/p>\n<p>Kjo v\u00eb n\u00eb pik\u00ebpyetje procesin e vettingut. Si \u00ebsht\u00eb e mundur q\u00eb institucionet e vetting kan\u00eb lejuar t\u00eb kaloj\u00eb dhe t\u00eb shkoj\u00eb n\u00eb gjykat\u00ebn e elit\u00eb? Gjykata e Posa\u00e7me gjykon njer\u00ebz t\u00eb r\u00ebnd\u00ebsish\u00ebm t\u00eb politik\u00ebs e krimit dhe n\u00ebse nj\u00eb gjyqtar ka problem me ligjin, \u00ebsht\u00eb leht\u00ebsisht i shantazhuesh\u00ebm apo eksponent\u00eb t\u00eb politik\u00ebs apo krimit. Pra n\u00eb k\u00ebt\u00eb aspekt SPAK do duhet t\u00eb veproj\u00eb me shpejt\u00ebsi\u201d, tha ajo.<\/p>\n<p>Gjithashtu gazetarja Klodiana Lala se duhet q\u00eb edhe versioni i zonj\u00ebs Gjoka do t\u00eb duhet q\u00eb t\u00eb d\u00ebgjohet.<\/p>\n<p>\u201cZonja Gjoka duhet t\u00eb ket\u00eb mund\u00ebsin\u00eb t\u00eb shpjegoj\u00eb versionin e saj dhe m\u00eb pas t\u00eb ket\u00eb nj\u00eb vendim t\u00eb drejt\u00eb, por mendoj q\u00eb moralisht zonja Gjoka nuk mund ta ushtroj\u00eb profesionin e gjyqtaresh n\u00eb Republik\u00ebn e Shqip\u00ebris\u00eb\u201d, tha nd\u00ebr t\u00eb tjera ajo.<\/p>\n","protected":false},"excerpt":{"rendered":"<p>Gjat\u00eb hetimeve t\u00eb thelluara, t\u00eb kryera nga sektori i dekriminalizimit n\u00eb Prokurorin\u00eb e P\u00ebrgjithshme, p\u00ebr gjyqtaren Irena Gjoka, \u00ebsht\u00eb arritur n\u00eb p\u00ebrfundimin se ka fshehur d\u00ebnimin n\u00eb Greqi. Gjat\u00eb intervist\u00ebs n\u00eb \u201cStudio24\u201d n\u00eb News24 gazetarja Klodiana tha se, n\u00ebse gjyqtarja Gjoka do ta kishte deklaruar k\u00ebt\u00eb n\u00eb formularin e dekriminalizimit at\u00ebher\u00eb nuk do t\u00eb kishte &hellip;<\/p>\n","protected":false},"author":4,"featured_media":61715,"comment_status":"closed","ping_status":"closed","sticky":false,"template":"","format":"standard","meta":{"footnotes":""},"categories":[37],"tags":[],"class_list":["post-134023","post","type-post","status-publish","format-standard","has-post-thumbnail","","category-politike"],"_links":{"self":[{"href":"https:\/\/rdnews.al\/index.php\/wp-json\/wp\/v2\/posts\/134023","targetHints":{"allow":["GET"]}}],"collection":[{"href":"https:\/\/rdnews.al\/index.php\/wp-json\/wp\/v2\/posts"}],"about":[{"href":"https:\/\/rdnews.al\/index.php\/wp-json\/wp\/v2\/types\/post"}],"author":[{"embeddable":true,"href":"https:\/\/rdnews.al\/index.php\/wp-json\/wp\/v2\/users\/4"}],"replies":[{"embeddable":true,"href":"https:\/\/rdnews.al\/index.php\/wp-json\/wp\/v2\/comments?post=134023"}],"version-history":[{"count":1,"href":"https:\/\/rdnews.al\/index.php\/wp-json\/wp\/v2\/posts\/134023\/revisions"}],"predecessor-version":[{"id":134024,"href":"https:\/\/rdnews.al\/index.php\/wp-json\/wp\/v2\/posts\/134023\/revisions\/134024"}],"wp:featuredmedia":[{"embeddable":true,"href":"https:\/\/rdnews.al\/index.php\/wp-json\/wp\/v2\/media\/61715"}],"wp:attachment":[{"href":"https:\/\/rdnews.al\/index.php\/wp-json\/wp\/v2\/media?parent=134023"}],"wp:term":[{"taxonomy":"category","embeddable":true,"href":"https:\/\/rdnews.al\/index.php\/wp-json\/wp\/v2\/categories?post=134023"},{"taxonomy":"post_tag","embeddable":true,"href":"https:\/\/rdnews.al\/index.php\/wp-json\/wp\/v2\/tags?post=134023"}],"curies":[{"name":"wp","href":"https:\/\/api.w.org\/{rel}","templated":true}]}}