{"id":134031,"date":"2026-01-21T10:34:22","date_gmt":"2026-01-21T10:34:22","guid":{"rendered":"https:\/\/rdnews.al\/?p=134031"},"modified":"2026-01-21T10:34:40","modified_gmt":"2026-01-21T10:34:40","slug":"kalaja-nga-spak-irena-gjoka-ka-kryer-shkelje-te-renda-ligjore-dhe-penale-drejtesia-ne-dijeni","status":"publish","type":"post","link":"https:\/\/rdnews.al\/index.php\/2026\/01\/21\/kalaja-nga-spak-irena-gjoka-ka-kryer-shkelje-te-renda-ligjore-dhe-penale-drejtesia-ne-dijeni\/","title":{"rendered":"Kalaja: Irena Gjoka ka kryer shkelje t\u00eb r\u00ebnda ligjore dhe penale! Drejt\u00ebsia n\u00eb dijeni"},"content":{"rendered":"<p>Avokatja Adriana Kalaja ka dh\u00ebn\u00eb t\u00eb tjera detaje nga skandali q\u00eb ka p\u00ebrfshir\u00eb institucionet e drejt\u00ebsis\u00eb n\u00eb Shqip\u00ebri, n\u00eb lidhje me rastin e gjyqtares s\u00eb GJKKO-s\u00eb, Irena Gjoka, Maneku, Shpata, e cila rezulton tashm\u00eb edhe zyrtarisht sipas dokumentave greke, se \u00ebsht\u00eb d\u00ebnuar me burg n\u00eb Greqi, si dhe \u00ebsht\u00eb d\u00ebbuar prej shtetit fqinj.<\/p>\n<p>N\u00eb nj\u00eb deklarat\u00eb p\u00ebr mediat para SPAK, Kalaja theksoi se, gjyqtarja Gjoka ka kryer shkelje t\u00eb r\u00ebnda ligjore dhe penale, pasi n\u00eb 3 raste ka refuzuar deklarimin e d\u00ebnimit t\u00eb saj me burg n\u00eb Greqi, n\u00eb plot\u00ebsimin e formular\u00ebve t\u00eb vet\u00ebdeklarimit.<\/p>\n<p>Gjithashtu Kalaja u shpreh se ky dokument autentik i d\u00ebnimit t\u00eb Iren\u00ebs me disa mbiemra, e ka administruar edhe Prokuroria e P\u00ebrgjithshme, edhe Ministria e Drejt\u00ebsis\u00eb, edhe K\u00ebshilli i Lart\u00eb Gjyq\u00ebsor.<\/p>\n<p>&#8220;Sot kam ardhur n\u00eb referim t\u00eb shkres\u00ebs q\u00eb na \u00ebsht\u00eb v\u00ebn\u00eb n\u00eb dispozicion nga Prokuroria e P\u00ebrgjithshme dhe n\u00eb referim t\u00eb kall\u00ebzimit penal q\u00eb un\u00eb kam b\u00ebr\u00eb n\u00eb maj t\u00eb 2025-\u00ebs, por edhe t\u00eb dy kall\u00ebzimeve t\u00eb tjera, shtes\u00eb t\u00eb b\u00ebra ndaj gjyqtares Irena me tre mbiemra, lidhur me faktin e d\u00ebnimit penal n\u00eb shtetin grek. Fakt i cili \u00ebsht\u00eb mohuar n\u00eb m\u00ebnyr\u00eb vijuese. Pra, \u00e7far\u00eb ka b\u00ebr\u00eb q\u00eb ne t\u00eb kemi pretenduar q\u00eb kemi t\u00eb b\u00ebjm\u00eb me nj\u00eb recidiviste, por q\u00eb ka kryer edhe nj\u00eb krim n\u00eb m\u00ebnyr\u00eb vazhduese.<\/p>\n<p>Nd\u00ebrkoh\u00eb q\u00eb ka refuzuar n\u00eb tre raste, n\u00eb plot\u00ebsimin e formular\u00ebve t\u00eb vet\u00ebdeklarimit, ka mohuar jo vet\u00ebm momentin e d\u00ebnimit n\u00eb shtetin grek, ka mohuar edhe ndjekjen penale, pasi si\u00e7 e dim\u00eb ka nj\u00eb kuadrat m\u00eb vete kur thuhet: n\u00ebse ka qen\u00eb ndonj\u00ebher\u00eb n\u00eb procedim penal brenda apo jasht\u00eb vendit. Ka mohuar apo falsifikuar n\u00eb deklarim, thot\u00eb ligji, edhe kuadratin q\u00eb lidhet me d\u00ebbimet. Pasi si\u00e7 jeni b\u00ebr\u00eb me dije dhe ju mediat, dhe sot gjej rastin edhe p\u00ebr numrin e mediave t\u00eb interesuara, t&#8217;ju fal\u00ebnderoj, p\u00ebr t\u00eb dh\u00ebn\u00eb nj\u00eb lajm kaq sensitiv, p\u00ebr t\u00eb dh\u00ebn\u00eb dhe nj\u00eb lajm q\u00eb ka interes kaq t\u00eb madh p\u00ebr publikun.<\/p>\n<p>Nd\u00ebrkoh\u00eb kemi dhe nj\u00eb problem shum\u00eb t\u00eb r\u00ebnd\u00eb, sepse vendimi autentik i konfirmuar nga autoritetet greke, p\u00ebrve\u00e7 se s\u00eb paku \u00ebsht\u00eb v\u00ebn\u00eb n\u00eb dispozicion nga ana jon\u00eb n\u00eb shtator t\u00eb 2025-\u00ebs, po n\u00eb korrik t\u00eb 2025-\u00ebs, ky dokument autentik t\u00eb d\u00ebnimit t\u00eb Iren\u00ebs me disa mbiemra, e ka administruar edhe Prokuroria e P\u00ebrgjithshme, edhe Ministria e Drejt\u00ebsis\u00eb, edhe K\u00ebshilli i Lart\u00eb Gjyq\u00ebsor. Dhe ndjehemi shum\u00eb t\u00eb keqardhur q\u00eb edhe sot e k\u00ebsaj dite, jo vet\u00ebm nuk ka nj\u00eb veprim konkret lidhur me veprimet t\u00eb kund\u00ebrligjshme t\u00eb k\u00ebsaj gjyqtareje, por minimalisht nga k\u00ebto institucione nuk \u00ebsht\u00eb vendosur qoft\u00eb dhe nj\u00eb pezullim nga ushtrimi i detyr\u00ebs, sepse jemi n\u00eb dijeni t\u00eb faktit q\u00eb kjo gjyqtare delikuente, kjo kriminel e qart\u00eb ndaj ligjit dhe s\u00eb drejt\u00ebs, vazhdon jep vendime kundra opozit\u00ebs, kundra krer\u00ebve t\u00eb saj.<\/p>\n<p>K\u00ebshtu q\u00eb sipas prov\u00ebs q\u00eb un\u00eb do depozitoj sot, \u00ebsht\u00eb konfirmuar jo vet\u00ebm d\u00ebnimi penal i shtetases Irena me tre mbiemra n\u00eb autoritetet greke, jo vet\u00ebm q\u00eb ky d\u00ebnim i form\u00ebs s\u00eb prer\u00eb ka shkuar p\u00ebr ekzekutim te prokurori i posa\u00e7\u00ebm n\u00eb shtetin grek, por nga ana tjet\u00ebr kemi konfirmimin se shtetasja Irena me tre mbiemra, fatkeq\u00ebsisht gjyqtare n\u00eb nj\u00eb nga gjykatat m\u00eb t\u00eb r\u00ebnd\u00ebsishme n\u00eb vend, nuk ka deklaruar as dhe d\u00ebbimin, dy her\u00eb, nga shteti grek, at\u00eb t\u00eb vitit 2002 dhe at\u00eb t\u00eb vitit 2003.<\/p>\n<p>Dhe si\u00e7 jeni v\u00ebn\u00eb n\u00eb dije ju si media, \u00ebsht\u00eb nj\u00eb prokur\u00eb ku \u00ebsht\u00eb e qart\u00eb se si vet\u00eb Irena me tre mbiemra autorizon nj\u00eb avokat grek q\u00eb t\u00eb merret me heqjen e dy &#8216;expulse-ve&#8217; apo dy d\u00ebbimeve nga shteti grek. Nd\u00ebrkoh\u00eb un\u00eb n\u00ebp\u00ebrmjet mediave tuaja i b\u00ebj thirrje jo vet\u00ebm SPAK-ut q\u00eb t\u00eb veproj\u00eb me urgjenc\u00eb, sepse si\u00e7 e thash\u00eb, nuk kemi t\u00eb b\u00ebjm\u00eb vet\u00ebm me mosdeklarimin n\u00eb formular\u00ebt p\u00ebrkat\u00ebs n\u00eb tre raste, por kemi t\u00eb b\u00ebjm\u00eb dhe me nj\u00eb krim vazhdues n\u00eb lidhje me mosdeklarimin.<\/p>\n<p>Ky \u00ebsht\u00eb nj\u00eb fakt penal, \u00ebsht\u00eb nj\u00eb fakt penal i d\u00ebnuesh\u00ebm dhe i nd\u00ebshkuesh\u00ebm, ashtu sikund\u00ebr kan\u00eb qen\u00eb dhe rastet precedente, qoft\u00eb t\u00eb gjyqtarit Admir Thanza, qoft\u00eb dhe dy an\u00ebtar\u00ebve t\u00eb Komisionit t\u00eb Pavarur t\u00eb Apelimit q\u00eb jan\u00eb Luan Daci dhe Ardian Hajdari. K\u00ebshtu q\u00eb n\u00eb k\u00ebto kushte, provat dhe dokumentat jan\u00eb t\u00eb administruara n\u00eb dosjen e SPAK-ut. Sot po sjellim nj\u00eb prov\u00eb t\u00eb qen\u00ebsishme q\u00eb v\u00ebrteton jo vet\u00ebm d\u00ebnimin, por dhe dijenin\u00eb e plot\u00eb q\u00eb ka patur kjo shtetase, pasi v\u00ebrtetohet dhe ankimimi q\u00eb ka b\u00ebr\u00eb n\u00eb shkall\u00ebt e m\u00ebtejshme.<\/p>\n<p>Dhe n\u00eb k\u00ebto momente nuk kemi asnj\u00eb dyshim apo nuk kemi asnj\u00eb arsye q\u00eb \u00e7\u00ebshtja t\u00eb zgjatet dhe si SPAK-u si KLGJ-ja mos t\u00eb dalin me nj\u00eb vendim; SPAK-u me d\u00ebnimin e gjyqtares me tre mbiemra dhe KLGJ-ja fillimisht me pezullimin dhe p\u00ebrfundimisht me shkarkimin. Pasi n\u00eb t\u00eb kund\u00ebrt, k\u00ebta prokuror\u00eb, k\u00ebta an\u00ebtar\u00eb t\u00eb KLGJ-s\u00eb, qoft\u00eb dhe Prokurori i P\u00ebrgjithsh\u00ebm, n\u00ebse do evidentohen nga ne se kan\u00eb shkelur ligjin dhe kushtetut\u00ebn, do t\u00eb p\u00ebrballen para ligjit ashtu sikund\u00ebr Irena me tre mbiemra&#8221;, u shpreh Kalaja.<\/p>\n","protected":false},"excerpt":{"rendered":"<p>Avokatja Adriana Kalaja ka dh\u00ebn\u00eb t\u00eb tjera detaje nga skandali q\u00eb ka p\u00ebrfshir\u00eb institucionet e drejt\u00ebsis\u00eb n\u00eb Shqip\u00ebri, n\u00eb lidhje me rastin e gjyqtares s\u00eb GJKKO-s\u00eb, Irena Gjoka, Maneku, Shpata, e cila rezulton tashm\u00eb edhe zyrtarisht sipas dokumentave greke, se \u00ebsht\u00eb d\u00ebnuar me burg n\u00eb Greqi, si dhe \u00ebsht\u00eb d\u00ebbuar prej shtetit fqinj. N\u00eb nj\u00eb &hellip;<\/p>\n","protected":false},"author":4,"featured_media":99941,"comment_status":"closed","ping_status":"closed","sticky":false,"template":"","format":"standard","meta":{"footnotes":""},"categories":[37],"tags":[],"class_list":["post-134031","post","type-post","status-publish","format-standard","has-post-thumbnail","","category-politike"],"_links":{"self":[{"href":"https:\/\/rdnews.al\/index.php\/wp-json\/wp\/v2\/posts\/134031","targetHints":{"allow":["GET"]}}],"collection":[{"href":"https:\/\/rdnews.al\/index.php\/wp-json\/wp\/v2\/posts"}],"about":[{"href":"https:\/\/rdnews.al\/index.php\/wp-json\/wp\/v2\/types\/post"}],"author":[{"embeddable":true,"href":"https:\/\/rdnews.al\/index.php\/wp-json\/wp\/v2\/users\/4"}],"replies":[{"embeddable":true,"href":"https:\/\/rdnews.al\/index.php\/wp-json\/wp\/v2\/comments?post=134031"}],"version-history":[{"count":2,"href":"https:\/\/rdnews.al\/index.php\/wp-json\/wp\/v2\/posts\/134031\/revisions"}],"predecessor-version":[{"id":134033,"href":"https:\/\/rdnews.al\/index.php\/wp-json\/wp\/v2\/posts\/134031\/revisions\/134033"}],"wp:featuredmedia":[{"embeddable":true,"href":"https:\/\/rdnews.al\/index.php\/wp-json\/wp\/v2\/media\/99941"}],"wp:attachment":[{"href":"https:\/\/rdnews.al\/index.php\/wp-json\/wp\/v2\/media?parent=134031"}],"wp:term":[{"taxonomy":"category","embeddable":true,"href":"https:\/\/rdnews.al\/index.php\/wp-json\/wp\/v2\/categories?post=134031"},{"taxonomy":"post_tag","embeddable":true,"href":"https:\/\/rdnews.al\/index.php\/wp-json\/wp\/v2\/tags?post=134031"}],"curies":[{"name":"wp","href":"https:\/\/api.w.org\/{rel}","templated":true}]}}