{"id":134034,"date":"2026-01-21T11:55:36","date_gmt":"2026-01-21T11:55:36","guid":{"rendered":"https:\/\/rdnews.al\/?p=134034"},"modified":"2026-01-21T11:55:36","modified_gmt":"2026-01-21T11:55:36","slug":"shpatarakja-kamikaze-e-rilindjes-2","status":"publish","type":"post","link":"https:\/\/rdnews.al\/index.php\/2026\/01\/21\/shpatarakja-kamikaze-e-rilindjes-2\/","title":{"rendered":"&#8220;Shpatarakja&#8221; kamikaze e Rilindjes!"},"content":{"rendered":"<p><strong>Nga Iva V.GRILLO<\/strong><\/p>\n<p>Nj\u00eb nga \u00e7udit\u00eb e sotme ishte pohimi i kryeprokurorit se deklarimi i rrem\u00eb p\u00ebrb\u00ebn vep\u00ebr penale&#8230;por gjykat\u00ebsja Gjoka-Shpata-Maneku vazhdon t&#8217;i bjer\u00eb \u00e7eki\u00e7it t\u00eb drejt\u00ebsis\u00eb.<\/p>\n<p>Gjat\u00eb koh\u00ebs q\u00eb drejt\u00ebsis\u00eb shqiptare i duhen vite q\u00eb &#8220;t\u00eb verifikoj\u00eb&#8221; shkeljen, &#8220;Shpatarakja&#8221; kamikaze e rilindjes ka marr\u00eb vendime p\u00ebr \u00e7\u00ebshtjet m\u00eb t\u00eb nxehta q\u00eb lidhen me eksponent\u00eb opozitar\u00eb.<\/p>\n<p>Gjoka-Shpata-Maneku \u00ebsht\u00eb robinj\u00eb e s\u00eb shkuar\u00ebs s\u00eb vet dhe m\u00eb pas e atyre q\u00eb e kan\u00eb \u00e7ertifikuar n\u00eb at\u00eb post, duke ia ditur shkeljet, pik\u00ebrisht p\u00ebr t&#8217;a p\u00ebrdorur.<\/p>\n<p>Kjo gjykat\u00ebse duhej t\u00eb pakt\u00ebn t\u00eb ishte pezulluar deri n\u00eb koh\u00ebn q\u00eb t\u00eb sqarohej pozicioni i saj.<\/p>\n<p>\u00c7do vendim i marr\u00eb nga ajo \u00ebsht\u00eb i kompromentuar dhe rrjedhimisht jo-legjitim.<\/p>\n","protected":false},"excerpt":{"rendered":"<p>Nga Iva V.GRILLO Nj\u00eb nga \u00e7udit\u00eb e sotme ishte pohimi i kryeprokurorit se deklarimi i rrem\u00eb p\u00ebrb\u00ebn vep\u00ebr penale&#8230;por gjykat\u00ebsja Gjoka-Shpata-Maneku vazhdon t&#8217;i bjer\u00eb \u00e7eki\u00e7it t\u00eb drejt\u00ebsis\u00eb. Gjat\u00eb koh\u00ebs q\u00eb drejt\u00ebsis\u00eb shqiptare i duhen vite q\u00eb &#8220;t\u00eb verifikoj\u00eb&#8221; shkeljen, &#8220;Shpatarakja&#8221; kamikaze e rilindjes ka marr\u00eb vendime p\u00ebr \u00e7\u00ebshtjet m\u00eb t\u00eb nxehta q\u00eb lidhen me eksponent\u00eb &hellip;<\/p>\n","protected":false},"author":4,"featured_media":72985,"comment_status":"closed","ping_status":"closed","sticky":false,"template":"","format":"standard","meta":{"footnotes":""},"categories":[44],"tags":[],"class_list":["post-134034","post","type-post","status-publish","format-standard","has-post-thumbnail","","category-editorial"],"_links":{"self":[{"href":"https:\/\/rdnews.al\/index.php\/wp-json\/wp\/v2\/posts\/134034","targetHints":{"allow":["GET"]}}],"collection":[{"href":"https:\/\/rdnews.al\/index.php\/wp-json\/wp\/v2\/posts"}],"about":[{"href":"https:\/\/rdnews.al\/index.php\/wp-json\/wp\/v2\/types\/post"}],"author":[{"embeddable":true,"href":"https:\/\/rdnews.al\/index.php\/wp-json\/wp\/v2\/users\/4"}],"replies":[{"embeddable":true,"href":"https:\/\/rdnews.al\/index.php\/wp-json\/wp\/v2\/comments?post=134034"}],"version-history":[{"count":1,"href":"https:\/\/rdnews.al\/index.php\/wp-json\/wp\/v2\/posts\/134034\/revisions"}],"predecessor-version":[{"id":134035,"href":"https:\/\/rdnews.al\/index.php\/wp-json\/wp\/v2\/posts\/134034\/revisions\/134035"}],"wp:featuredmedia":[{"embeddable":true,"href":"https:\/\/rdnews.al\/index.php\/wp-json\/wp\/v2\/media\/72985"}],"wp:attachment":[{"href":"https:\/\/rdnews.al\/index.php\/wp-json\/wp\/v2\/media?parent=134034"}],"wp:term":[{"taxonomy":"category","embeddable":true,"href":"https:\/\/rdnews.al\/index.php\/wp-json\/wp\/v2\/categories?post=134034"},{"taxonomy":"post_tag","embeddable":true,"href":"https:\/\/rdnews.al\/index.php\/wp-json\/wp\/v2\/tags?post=134034"}],"curies":[{"name":"wp","href":"https:\/\/api.w.org\/{rel}","templated":true}]}}