{"id":134036,"date":"2026-01-21T12:30:30","date_gmt":"2026-01-21T12:30:30","guid":{"rendered":"https:\/\/rdnews.al\/?p=134036"},"modified":"2026-01-21T12:30:30","modified_gmt":"2026-01-21T12:30:30","slug":"berisha-fati-i-rames-percaktohet-nga-ai-i-ballukut-lubia-ka-kerkuar-largimin-e-menjehershem-te-spiropalit","status":"publish","type":"post","link":"https:\/\/rdnews.al\/index.php\/2026\/01\/21\/berisha-fati-i-rames-percaktohet-nga-ai-i-ballukut-lubia-ka-kerkuar-largimin-e-menjehershem-te-spiropalit\/","title":{"rendered":"Berisha: Fati i Ram\u00ebs p\u00ebrcaktohet nga ai i Ballukut! Lubia ka k\u00ebrkuar largimin e menj\u00ebhersh\u00ebm t\u00eb Spiropalit"},"content":{"rendered":"<p>Kryetari i PD, Sali Berisha deklaroi gjat\u00eb nj\u00eb konference shtypi se, fati i Ram\u00ebs p\u00ebrcaktohet nga ai i Ballukut!<\/p>\n<p>Ai tha se, lubia ka k\u00ebrkuar largimin e menj\u00ebhersh\u00ebm t\u00eb Spiropalit<\/p>\n<p>&#8220;Fati i Edi Ram\u00ebs n\u00eb galloshet e Lubi Ballukut.<\/p>\n<p>Fati i Edi Ram\u00ebs p\u00ebrcaktohet t\u00ebr\u00ebsisht nga Lubi Balluku dhe ka krijuar nj\u00eb situat\u00eb t\u00eb paimagjinueshme.<\/p>\n<p>Nj\u00eb presion t\u00eb gjithansh\u00ebm banditesk, publik, privat ndaj Gjykat\u00ebs Kushtetuese.<\/p>\n<p>Edi Rama k\u00ebrkon me \u00e7do kusht t\u00eb mbroj\u00eb Lubin\u00eb, pasi ajo i betohet \u00e7do dit\u00eb q\u00eb n\u00eb krah do t\u00eb kem ty n\u00eb qoft\u00eb se m\u00eb l\u00ebshon.<\/p>\n<p>Akti i fundit i saj, k\u00ebrkon menj\u00ebhersh\u00ebm t\u00eb Spiropalit nga detyra e ministres s\u00eb Jashtme, pasi sipas saj, ajo po ha dardha pas shpine.<\/p>\n<p>Dhe kjo po ndodh dhe do ndodh\u00eb.<\/p>\n<p>Ua dhash\u00eb k\u00ebt\u00eb shembull jo p\u00ebr t\u2019u marr\u00eb me intrigat mes tyre, por p\u00ebr t\u00eb treguar plotfuqin\u00eb e Lubis\u00eb ndaj Ram\u00ebs.<\/p>\n<p>Ajo ka realizuar \u00e7do gj\u00eb, si\u00e7 faktojn\u00eb mesazhet, 6500 mesazhe n\u00eb dosje, dy t\u00eb tretat e t\u00eb cilave lidhen direkt me Ram\u00ebn, ka zbatuar vet\u00ebm urdhrat e saj&#8221;, tha Berisha.<\/p>\n","protected":false},"excerpt":{"rendered":"<p>Kryetari i PD, Sali Berisha deklaroi gjat\u00eb nj\u00eb konference shtypi se, fati i Ram\u00ebs p\u00ebrcaktohet nga ai i Ballukut! Ai tha se, lubia ka k\u00ebrkuar largimin e menj\u00ebhersh\u00ebm t\u00eb Spiropalit &#8220;Fati i Edi Ram\u00ebs n\u00eb galloshet e Lubi Ballukut. Fati i Edi Ram\u00ebs p\u00ebrcaktohet t\u00ebr\u00ebsisht nga Lubi Balluku dhe ka krijuar nj\u00eb situat\u00eb t\u00eb paimagjinueshme. &hellip;<\/p>\n","protected":false},"author":4,"featured_media":134037,"comment_status":"closed","ping_status":"closed","sticky":false,"template":"","format":"standard","meta":{"footnotes":""},"categories":[37],"tags":[],"class_list":["post-134036","post","type-post","status-publish","format-standard","has-post-thumbnail","","category-politike"],"_links":{"self":[{"href":"https:\/\/rdnews.al\/index.php\/wp-json\/wp\/v2\/posts\/134036","targetHints":{"allow":["GET"]}}],"collection":[{"href":"https:\/\/rdnews.al\/index.php\/wp-json\/wp\/v2\/posts"}],"about":[{"href":"https:\/\/rdnews.al\/index.php\/wp-json\/wp\/v2\/types\/post"}],"author":[{"embeddable":true,"href":"https:\/\/rdnews.al\/index.php\/wp-json\/wp\/v2\/users\/4"}],"replies":[{"embeddable":true,"href":"https:\/\/rdnews.al\/index.php\/wp-json\/wp\/v2\/comments?post=134036"}],"version-history":[{"count":1,"href":"https:\/\/rdnews.al\/index.php\/wp-json\/wp\/v2\/posts\/134036\/revisions"}],"predecessor-version":[{"id":134038,"href":"https:\/\/rdnews.al\/index.php\/wp-json\/wp\/v2\/posts\/134036\/revisions\/134038"}],"wp:featuredmedia":[{"embeddable":true,"href":"https:\/\/rdnews.al\/index.php\/wp-json\/wp\/v2\/media\/134037"}],"wp:attachment":[{"href":"https:\/\/rdnews.al\/index.php\/wp-json\/wp\/v2\/media?parent=134036"}],"wp:term":[{"taxonomy":"category","embeddable":true,"href":"https:\/\/rdnews.al\/index.php\/wp-json\/wp\/v2\/categories?post=134036"},{"taxonomy":"post_tag","embeddable":true,"href":"https:\/\/rdnews.al\/index.php\/wp-json\/wp\/v2\/tags?post=134036"}],"curies":[{"name":"wp","href":"https:\/\/api.w.org\/{rel}","templated":true}]}}