{"id":134039,"date":"2026-01-21T12:33:38","date_gmt":"2026-01-21T12:33:38","guid":{"rendered":"https:\/\/rdnews.al\/?p=134039"},"modified":"2026-01-21T12:33:56","modified_gmt":"2026-01-21T12:33:56","slug":"berisha-skandali-i-akshi-t-po-kundermon-ne-europe-rama-ka-pergjuar-dhe-kontrolluar-edhe-te-huajt-ne-shqiperi","status":"publish","type":"post","link":"https:\/\/rdnews.al\/index.php\/2026\/01\/21\/berisha-skandali-i-akshi-t-po-kundermon-ne-europe-rama-ka-pergjuar-dhe-kontrolluar-edhe-te-huajt-ne-shqiperi\/","title":{"rendered":"Skandali i AKSHI-t po kund\u00ebrmon n\u00eb Europ\u00eb! Rama ka p\u00ebrgjuar dhe kontrolluar edhe t\u00eb huajt n\u00eb Shqip\u00ebri"},"content":{"rendered":"<p>Lideri i opozit\u00ebs, Sali Berisha tha se, skandali i AKSHI-t po kund\u00ebrmon n\u00eb Europ\u00eb! Rama ka p\u00ebrgjuar dhe kontrolluar edhe t\u00eb huajt n\u00eb Shqip\u00ebri.<\/p>\n<p>N\u00eb deklarat\u00ebn p\u00ebr shtyp, Berisha theksoi se kjo afer\u00eb \u00ebsht\u00eb duke u diskutuar gjer\u00ebsisht n\u00eb kancelarit\u00eb europiane, ku sipas tij nuk flitet p\u00ebr asgj\u00eb tjet\u00ebr ve\u00e7se p\u00ebr implikimet e r\u00ebnda t\u00eb skandalit t\u00eb AKSHI-t.<\/p>\n<p><strong>Berisha:<\/strong> Situata \u00ebsht\u00eb edhe m\u00eb dramatike dhe po kund\u00ebrmon n\u00eb mbar\u00eb Europ\u00ebn.<\/p>\n<p>N\u00eb kancelarit\u00eb evropiane nuk flitet p\u00ebr gj\u00eb tjet\u00ebr ve\u00e7se p\u00ebr AKSHI-n.<\/p>\n<p>Dy arsye.<\/p>\n<p>Edi Rama ka p\u00ebrdorur AKSHI-n p\u00ebr t\u00eb p\u00ebrgjuar dhe kontrolluar jo vet\u00ebm \u00e7do qytetar shqiptar, por edhe \u00e7do t\u00eb huaj n\u00eb Shqip\u00ebri.<\/p>\n<p>Nga AKSHI jan\u00eb eksportuar t\u00eb gjith\u00eb t\u00eb dh\u00ebnat sekrete t\u00eb Shqip\u00ebris\u00eb dhe ato t\u00eb aleanc\u00ebs s\u00eb Atlantikut t\u00eb Veriut, tek organizatat kriminale dhe armiqt\u00eb e NATO-s dhe kjo p\u00ebrb\u00ebn nj\u00eb dhunim t\u00eb madh t\u00eb siguris\u00eb, jo vet\u00ebm p\u00ebr Shqip\u00ebrin\u00eb, por edhe p\u00ebr rajonin dhe Europ\u00ebn.<\/p>\n<p>Por AKSHI \u00ebsht\u00eb nj\u00eb monedh\u00eb me dy faqe.<\/p>\n<p>N\u00eb nj\u00ebr\u00ebn an\u00eb \u00ebsht\u00eb Linda e AKSHI-t, n\u00eb an\u00ebn tjet\u00ebr \u00ebsht\u00eb Linda e Surrelit.<\/p>\n<p>Dhe kjo e trondit Edi Ram\u00ebn.<\/p>\n<p>Kjo e shkat\u00ebrron Edi Ram\u00ebn.<\/p>\n","protected":false},"excerpt":{"rendered":"<p>Lideri i opozit\u00ebs, Sali Berisha tha se, skandali i AKSHI-t po kund\u00ebrmon n\u00eb Europ\u00eb! Rama ka p\u00ebrgjuar dhe kontrolluar edhe t\u00eb huajt n\u00eb Shqip\u00ebri. N\u00eb deklarat\u00ebn p\u00ebr shtyp, Berisha theksoi se kjo afer\u00eb \u00ebsht\u00eb duke u diskutuar gjer\u00ebsisht n\u00eb kancelarit\u00eb europiane, ku sipas tij nuk flitet p\u00ebr asgj\u00eb tjet\u00ebr ve\u00e7se p\u00ebr implikimet e r\u00ebnda t\u00eb &hellip;<\/p>\n","protected":false},"author":4,"featured_media":134040,"comment_status":"closed","ping_status":"closed","sticky":false,"template":"","format":"standard","meta":{"footnotes":""},"categories":[37],"tags":[],"class_list":["post-134039","post","type-post","status-publish","format-standard","has-post-thumbnail","","category-politike"],"_links":{"self":[{"href":"https:\/\/rdnews.al\/index.php\/wp-json\/wp\/v2\/posts\/134039","targetHints":{"allow":["GET"]}}],"collection":[{"href":"https:\/\/rdnews.al\/index.php\/wp-json\/wp\/v2\/posts"}],"about":[{"href":"https:\/\/rdnews.al\/index.php\/wp-json\/wp\/v2\/types\/post"}],"author":[{"embeddable":true,"href":"https:\/\/rdnews.al\/index.php\/wp-json\/wp\/v2\/users\/4"}],"replies":[{"embeddable":true,"href":"https:\/\/rdnews.al\/index.php\/wp-json\/wp\/v2\/comments?post=134039"}],"version-history":[{"count":2,"href":"https:\/\/rdnews.al\/index.php\/wp-json\/wp\/v2\/posts\/134039\/revisions"}],"predecessor-version":[{"id":134042,"href":"https:\/\/rdnews.al\/index.php\/wp-json\/wp\/v2\/posts\/134039\/revisions\/134042"}],"wp:featuredmedia":[{"embeddable":true,"href":"https:\/\/rdnews.al\/index.php\/wp-json\/wp\/v2\/media\/134040"}],"wp:attachment":[{"href":"https:\/\/rdnews.al\/index.php\/wp-json\/wp\/v2\/media?parent=134039"}],"wp:term":[{"taxonomy":"category","embeddable":true,"href":"https:\/\/rdnews.al\/index.php\/wp-json\/wp\/v2\/categories?post=134039"},{"taxonomy":"post_tag","embeddable":true,"href":"https:\/\/rdnews.al\/index.php\/wp-json\/wp\/v2\/tags?post=134039"}],"curies":[{"name":"wp","href":"https:\/\/api.w.org\/{rel}","templated":true}]}}