{"id":134043,"date":"2026-01-21T12:38:07","date_gmt":"2026-01-21T12:38:07","guid":{"rendered":"https:\/\/rdnews.al\/?p=134043"},"modified":"2026-01-21T13:47:54","modified_gmt":"2026-01-21T13:47:54","slug":"berisha-ftoj-cdo-qytetar-te-mbushim-sheshet-dhe-rruget-e-tiranes-ne-24-janar-per-ti-dhene-leksionin-e-merituar-rames","status":"publish","type":"post","link":"https:\/\/rdnews.al\/index.php\/2026\/01\/21\/berisha-ftoj-cdo-qytetar-te-mbushim-sheshet-dhe-rruget-e-tiranes-ne-24-janar-per-ti-dhene-leksionin-e-merituar-rames\/","title":{"rendered":"Me 24 janar Shqip\u00ebria n\u00eb k\u00ebmb\u00eb per rr\u00ebzimin e Ram\u00ebs"},"content":{"rendered":"<p>Lideri i opozit\u00ebs, Sali Berisha, n\u00eb konferenc\u00ebn p\u00ebr shtyp ftoi qytetar\u00ebt q\u00eb n\u00eb or\u00ebn 17:00 t\u00eb dat\u00ebs 24 Janar t\u00eb mbushin sheshet dhe rrug\u00ebt e kryeqytetit p\u00ebr t\u00eb kund\u00ebrshtuar qeverin\u00eb e kryeministrit Edi Rama.<\/p>\n<p>Berisha theksoi se, shpresa e fundit p\u00ebr Shqip\u00ebrin\u00eb jan\u00eb qytetar\u00ebt guximtar\u00eb q\u00eb do t\u00eb protestojn\u00eb deri n\u00eb largimin e Ram\u00ebs nga pushteti.<\/p>\n<p>&#8220;Ndaj dhe jam sot k\u00ebtu p\u00ebr t\u2019u b\u00ebr\u00eb thirrje qytetar\u00ebve shqiptar\u00eb, shpresa e fundit e Shqip\u00ebris\u00eb jan\u00eb ata guximtar\u00eb q\u00eb do vendosin t\u00eb protestojn\u00eb gjer n\u00eb largimin e Edi Ram\u00ebs nga pushteti.<\/p>\n<p>24 janari \u00ebsht\u00eb nj\u00eb dat\u00eb jasht\u00ebzakonisht e r\u00ebnd\u00ebsishme n\u00eb p\u00ebrpjekjen p\u00ebr t\u00eb rr\u00ebzuar k\u00ebt\u00eb regjim, k\u00ebt\u00eb organizat\u00eb kriminale q\u00eb nuk njeh asnj\u00eb ligj, standard, Kushtetut\u00eb, norm\u00eb apo standard.<\/p>\n<p>Mbar\u00eb shqiptar\u00ebt kudo q\u00eb jan\u00eb, njer\u00ebzit e lir\u00eb n\u00eb Europ\u00eb dhe n\u00eb bot\u00eb, presin me 24 janar fjal\u00ebn e kryengritjes paq\u00ebsore t\u00eb qytetar\u00ebve t\u00eb revoltuar t\u00eb Tiran\u00ebs dhe mbar\u00eb Shqip\u00ebris\u00eb.<\/p>\n<p>Ndaj dhe n\u00eb ora 5 t\u00eb dat\u00ebs 24 janar ftoj \u00e7do qytetar t\u00eb Tiran\u00ebs dhe mbar\u00eb vendit t\u00eb mbushim sheshet dhe rrug\u00ebt e Tiran\u00ebs p\u00ebr t\u2019i dh\u00ebn\u00eb leksionin e merituar Edi Ram\u00ebs dhe narkoregjimit t\u00eb tij&#8221;, tha Berisha.<\/p>\n","protected":false},"excerpt":{"rendered":"<p>Lideri i opozit\u00ebs, Sali Berisha, n\u00eb konferenc\u00ebn p\u00ebr shtyp ftoi qytetar\u00ebt q\u00eb n\u00eb or\u00ebn 17:00 t\u00eb dat\u00ebs 24 Janar t\u00eb mbushin sheshet dhe rrug\u00ebt e kryeqytetit p\u00ebr t\u00eb kund\u00ebrshtuar qeverin\u00eb e kryeministrit Edi Rama. Berisha theksoi se, shpresa e fundit p\u00ebr Shqip\u00ebrin\u00eb jan\u00eb qytetar\u00ebt guximtar\u00eb q\u00eb do t\u00eb protestojn\u00eb deri n\u00eb largimin e Ram\u00ebs nga &hellip;<\/p>\n","protected":false},"author":4,"featured_media":129581,"comment_status":"closed","ping_status":"closed","sticky":false,"template":"","format":"standard","meta":{"footnotes":""},"categories":[40,37],"tags":[],"class_list":["post-134043","post","type-post","status-publish","format-standard","has-post-thumbnail","","category-aktualitet","category-politike"],"_links":{"self":[{"href":"https:\/\/rdnews.al\/index.php\/wp-json\/wp\/v2\/posts\/134043","targetHints":{"allow":["GET"]}}],"collection":[{"href":"https:\/\/rdnews.al\/index.php\/wp-json\/wp\/v2\/posts"}],"about":[{"href":"https:\/\/rdnews.al\/index.php\/wp-json\/wp\/v2\/types\/post"}],"author":[{"embeddable":true,"href":"https:\/\/rdnews.al\/index.php\/wp-json\/wp\/v2\/users\/4"}],"replies":[{"embeddable":true,"href":"https:\/\/rdnews.al\/index.php\/wp-json\/wp\/v2\/comments?post=134043"}],"version-history":[{"count":4,"href":"https:\/\/rdnews.al\/index.php\/wp-json\/wp\/v2\/posts\/134043\/revisions"}],"predecessor-version":[{"id":134062,"href":"https:\/\/rdnews.al\/index.php\/wp-json\/wp\/v2\/posts\/134043\/revisions\/134062"}],"wp:featuredmedia":[{"embeddable":true,"href":"https:\/\/rdnews.al\/index.php\/wp-json\/wp\/v2\/media\/129581"}],"wp:attachment":[{"href":"https:\/\/rdnews.al\/index.php\/wp-json\/wp\/v2\/media?parent=134043"}],"wp:term":[{"taxonomy":"category","embeddable":true,"href":"https:\/\/rdnews.al\/index.php\/wp-json\/wp\/v2\/categories?post=134043"},{"taxonomy":"post_tag","embeddable":true,"href":"https:\/\/rdnews.al\/index.php\/wp-json\/wp\/v2\/tags?post=134043"}],"curies":[{"name":"wp","href":"https:\/\/api.w.org\/{rel}","templated":true}]}}