{"id":134046,"date":"2026-01-21T12:42:11","date_gmt":"2026-01-21T12:42:11","guid":{"rendered":"https:\/\/rdnews.al\/?p=134046"},"modified":"2026-01-21T12:42:34","modified_gmt":"2026-01-21T12:42:34","slug":"berisha-rama-nuk-ia-heq-imunitetin-lubise-do-jene-qytetaret-qe-do-vendosin-me-revolten-e-tyre","status":"publish","type":"post","link":"https:\/\/rdnews.al\/index.php\/2026\/01\/21\/berisha-rama-nuk-ia-heq-imunitetin-lubise-do-jene-qytetaret-qe-do-vendosin-me-revolten-e-tyre\/","title":{"rendered":"Berisha: Rama nuk ia heq imunitetin Lubis\u00eb, do t\u00eb jen\u00eb qytetar\u00ebt q\u00eb do vendosin me revolt\u00ebn e tyre!"},"content":{"rendered":"<p>Kryetari i PD, Sali Berisha tha se, Edi Rama ka vendosur t\u00eb mos i heq\u00eb imunitetin deputetes Lubi Balluku. Ish-kryeministri theksoi se, p\u00ebr k\u00ebt\u00eb arsye, jan\u00eb qytetar\u00ebt ata q\u00eb do t\u00eb p\u00ebrcaktojn\u00eb me revolt\u00ebn e tyre, duke mbrojtur Kushtetut\u00ebn dhe ligjet e vendit.<\/p>\n<p><strong>Marsi Korreshi, SYRI TV:<\/strong> 4 dit\u00eb pas protest\u00ebs, PS ka thirrur n\u00eb 28 janar, K\u00ebshilli i Mandateve p\u00ebr imunitetin e Ballukut. A mendoni se pas ngrirjes s\u00eb procedurave, maxhoranca do t\u00eb shkoj\u00eb drejt l\u00ebshimit t\u00eb Ballukut?<\/p>\n<p><strong>Sali Berisha:<\/strong> Edi Rama ka vendosur t\u00eb mos i heq\u00eb imunitetin Lubi Ballukut.<\/p>\n<p>Edi Rama nuk i heq dot imunitetin Lubi Ballukut sepse \u00ebsht\u00eb vet\u00eb.<\/p>\n<p>\u00cbsht\u00eb Lubia me pantallona.<\/p>\n<p>\u00cbsht\u00eb vet\u00eb.<\/p>\n<p>At\u00ebher\u00eb jan\u00eb qytetar\u00ebt q\u00eb do p\u00ebrcaktojn\u00eb me revolt\u00ebn e tyre, do mbrojn\u00eb Kushtetut\u00ebn dhe ligjet e vendit.<\/p>\n<p>Por Edi Rama nuk e heq, qytetar\u00ebt duhet ta ken\u00eb t\u00eb qart\u00eb k\u00ebt\u00eb.<\/p>\n","protected":false},"excerpt":{"rendered":"<p>Kryetari i PD, Sali Berisha tha se, Edi Rama ka vendosur t\u00eb mos i heq\u00eb imunitetin deputetes Lubi Balluku. Ish-kryeministri theksoi se, p\u00ebr k\u00ebt\u00eb arsye, jan\u00eb qytetar\u00ebt ata q\u00eb do t\u00eb p\u00ebrcaktojn\u00eb me revolt\u00ebn e tyre, duke mbrojtur Kushtetut\u00ebn dhe ligjet e vendit. Marsi Korreshi, SYRI TV: 4 dit\u00eb pas protest\u00ebs, PS ka thirrur n\u00eb &hellip;<\/p>\n","protected":false},"author":4,"featured_media":134047,"comment_status":"closed","ping_status":"closed","sticky":false,"template":"","format":"standard","meta":{"footnotes":""},"categories":[37],"tags":[],"class_list":["post-134046","post","type-post","status-publish","format-standard","has-post-thumbnail","","category-politike"],"_links":{"self":[{"href":"https:\/\/rdnews.al\/index.php\/wp-json\/wp\/v2\/posts\/134046","targetHints":{"allow":["GET"]}}],"collection":[{"href":"https:\/\/rdnews.al\/index.php\/wp-json\/wp\/v2\/posts"}],"about":[{"href":"https:\/\/rdnews.al\/index.php\/wp-json\/wp\/v2\/types\/post"}],"author":[{"embeddable":true,"href":"https:\/\/rdnews.al\/index.php\/wp-json\/wp\/v2\/users\/4"}],"replies":[{"embeddable":true,"href":"https:\/\/rdnews.al\/index.php\/wp-json\/wp\/v2\/comments?post=134046"}],"version-history":[{"count":2,"href":"https:\/\/rdnews.al\/index.php\/wp-json\/wp\/v2\/posts\/134046\/revisions"}],"predecessor-version":[{"id":134049,"href":"https:\/\/rdnews.al\/index.php\/wp-json\/wp\/v2\/posts\/134046\/revisions\/134049"}],"wp:featuredmedia":[{"embeddable":true,"href":"https:\/\/rdnews.al\/index.php\/wp-json\/wp\/v2\/media\/134047"}],"wp:attachment":[{"href":"https:\/\/rdnews.al\/index.php\/wp-json\/wp\/v2\/media?parent=134046"}],"wp:term":[{"taxonomy":"category","embeddable":true,"href":"https:\/\/rdnews.al\/index.php\/wp-json\/wp\/v2\/categories?post=134046"},{"taxonomy":"post_tag","embeddable":true,"href":"https:\/\/rdnews.al\/index.php\/wp-json\/wp\/v2\/tags?post=134046"}],"curies":[{"name":"wp","href":"https:\/\/api.w.org\/{rel}","templated":true}]}}