{"id":134053,"date":"2026-01-21T13:01:37","date_gmt":"2026-01-21T13:01:37","guid":{"rendered":"https:\/\/rdnews.al\/?p=134053"},"modified":"2026-01-21T13:59:42","modified_gmt":"2026-01-21T13:59:42","slug":"berisha-irena-gjoka-duhej-te-ishte-prej-kohesh-ne-burg-te-313-a-ka-kontraktuar-dumanin-si-avokat","status":"publish","type":"post","link":"https:\/\/rdnews.al\/index.php\/2026\/01\/21\/berisha-irena-gjoka-duhej-te-ishte-prej-kohesh-ne-burg-te-313-a-ka-kontraktuar-dumanin-si-avokat\/","title":{"rendered":"Irena Gjoka ka kontraktuar Dumanin si avokat!"},"content":{"rendered":"<p>Kryetari i PD, Sali Berisha deklaroi se, \u00e7\u00ebshtja e Irena Gjok\u00ebs p\u00ebrb\u00ebn nj\u00eb nga skandalet m\u00eb t\u00eb r\u00ebnda t\u00eb drejt\u00ebsis\u00eb shqiptare, duke theksuar se ajo duhej t\u00eb ishte prej koh\u00ebsh pas hekurave dhe jo n\u00eb ushtrimin e funksioneve t\u00eb saj.<\/p>\n<p>Berisha tha se, faktet, dokumentet dhe ligjet e Shqip\u00ebris\u00eb e cil\u00ebsojn\u00eb Gjok\u00ebn si nj\u00eb person pa asnj\u00eb integritet moral apo profesional, nd\u00ebrsa vonesat dhe heshtja e institucioneve p\u00ebrkat\u00ebse jan\u00eb d\u00ebshmi e mbrojtjes politike q\u00eb ajo g\u00ebzon.<\/p>\n<p>Berisha akuzoi se Gjoka ka kontraktuar Altin Dumanin si avokat dhe se \u00ebsht\u00eb e k\u00ebshilluar nga persona t\u00eb af\u00ebrt me kryeministrin, duke e cil\u00ebsuar k\u00ebt\u00eb si nj\u00eb konflikt t\u00eb r\u00ebnd\u00eb interesi dhe nj\u00eb goditje t\u00eb drejtp\u00ebrdrejt\u00eb ndaj besimit publik te drejt\u00ebsia.<\/p>\n<p>Berisha: Natyrisht, ajo si\u00e7 e dini ka kontraktuar disa muaj m\u00eb par\u00eb Altin Dumani si avokat dhe ka k\u00ebshilltare Linda e Surrelit&#8230; bashk\u00eb me&#8230; tani ai \u00ebsht\u00eb n\u00eb ilegalitet po prap\u00eb duhet t\u00eb ken\u00eb kontakte, Ergys Agasin.<\/p>\n<p>K\u00ebto ishin t\u00eb gjitha \u00e7far\u00eb ligjet e Shqip\u00ebris\u00eb, faktet dhe dokumentet thon\u00eb p\u00ebr k\u00ebt\u00eb super-delinkuente e cila ka zero moral ligjor, ka zero integritet profesional, e cila duhet t\u00eb ishte prej koh\u00ebsh n\u00eb burg tek &#8216;313&#8217; ose n\u00eb ndonj\u00eb burg tjet\u00ebr p\u00ebr t\u00eb marr\u00eb nd\u00ebshkimin e merituar.<\/p>\n<p>Por ajo mbrohet nga Altin Dumani, mbrohet edhe nga k\u00ebta q\u00eb konstatuan, se nuk di n\u00ebse Prokurori i P\u00ebrgjithsh\u00ebm \u00ebsht\u00eb shprehur p\u00ebr d\u00ebbimet apo i ka injoruar d\u00ebbimet.<\/p>\n<p>Nuk e di, se s&#8217;kam par\u00eb vendimin e plot\u00eb&#8230;<\/p>\n<p>Pra jan\u00eb t\u00eb gjitha k\u00ebto. KLGJ-ja ka qen\u00eb e detyruar p\u00ebr 3 jav\u00eb t\u00eb kthej\u00eb p\u00ebrgjigje.<\/p>\n<p>Asnj\u00eb p\u00ebrgjigje e b\u00ebn sepse zbatonin urdhrat e Edi Ram\u00ebs.<\/p>\n<p>P\u00ebr nj\u00eb turp p\u00ebr drejt\u00ebsin\u00eb shqiptare, p\u00ebr administrat\u00ebn shqiptare, p\u00ebr nj\u00eb turp njer\u00ebzor.<\/p>\n<p>Imagjinoni ju proceset e saj.<\/p>\n<p>Imagjinoni amoralitetin e plot\u00eb total t\u00eb saj me tog\u00ebn e zez\u00eb para nj\u00eb t\u00eb akuzuari, se \u00e7far\u00eb pafytyr\u00ebsie p\u00ebrfaq\u00ebsonte ajo aty. Nj\u00eb kriminele q\u00eb gjykonte, mundet t\u00eb gjykonte njer\u00ebz t\u00eb pafajsh\u00ebm.<\/p>\n<p>A mund t\u00eb imagjinoni q\u00eb zbatonte urdhra t\u00eb Edi Ram\u00ebs, k\u00ebshilla t\u00eb Linda Ram\u00ebs dhe udh\u00ebzime t\u00eb Ergys Agasit.<\/p>\n<p>K\u00ebto jan\u00eb t\u00eb v\u00ebrtetat.<\/p>\n","protected":false},"excerpt":{"rendered":"<p>Kryetari i PD, Sali Berisha deklaroi se, \u00e7\u00ebshtja e Irena Gjok\u00ebs p\u00ebrb\u00ebn nj\u00eb nga skandalet m\u00eb t\u00eb r\u00ebnda t\u00eb drejt\u00ebsis\u00eb shqiptare, duke theksuar se ajo duhej t\u00eb ishte prej koh\u00ebsh pas hekurave dhe jo n\u00eb ushtrimin e funksioneve t\u00eb saj. Berisha tha se, faktet, dokumentet dhe ligjet e Shqip\u00ebris\u00eb e cil\u00ebsojn\u00eb Gjok\u00ebn si nj\u00eb person &hellip;<\/p>\n","protected":false},"author":4,"featured_media":134069,"comment_status":"closed","ping_status":"closed","sticky":false,"template":"","format":"standard","meta":{"footnotes":""},"categories":[37],"tags":[],"class_list":["post-134053","post","type-post","status-publish","format-standard","has-post-thumbnail","","category-politike"],"_links":{"self":[{"href":"https:\/\/rdnews.al\/index.php\/wp-json\/wp\/v2\/posts\/134053","targetHints":{"allow":["GET"]}}],"collection":[{"href":"https:\/\/rdnews.al\/index.php\/wp-json\/wp\/v2\/posts"}],"about":[{"href":"https:\/\/rdnews.al\/index.php\/wp-json\/wp\/v2\/types\/post"}],"author":[{"embeddable":true,"href":"https:\/\/rdnews.al\/index.php\/wp-json\/wp\/v2\/users\/4"}],"replies":[{"embeddable":true,"href":"https:\/\/rdnews.al\/index.php\/wp-json\/wp\/v2\/comments?post=134053"}],"version-history":[{"count":3,"href":"https:\/\/rdnews.al\/index.php\/wp-json\/wp\/v2\/posts\/134053\/revisions"}],"predecessor-version":[{"id":134070,"href":"https:\/\/rdnews.al\/index.php\/wp-json\/wp\/v2\/posts\/134053\/revisions\/134070"}],"wp:featuredmedia":[{"embeddable":true,"href":"https:\/\/rdnews.al\/index.php\/wp-json\/wp\/v2\/media\/134069"}],"wp:attachment":[{"href":"https:\/\/rdnews.al\/index.php\/wp-json\/wp\/v2\/media?parent=134053"}],"wp:term":[{"taxonomy":"category","embeddable":true,"href":"https:\/\/rdnews.al\/index.php\/wp-json\/wp\/v2\/categories?post=134053"},{"taxonomy":"post_tag","embeddable":true,"href":"https:\/\/rdnews.al\/index.php\/wp-json\/wp\/v2\/tags?post=134053"}],"curies":[{"name":"wp","href":"https:\/\/api.w.org\/{rel}","templated":true}]}}