{"id":134065,"date":"2026-01-21T13:55:22","date_gmt":"2026-01-21T13:55:22","guid":{"rendered":"https:\/\/rdnews.al\/?p=134065"},"modified":"2026-01-21T13:55:22","modified_gmt":"2026-01-21T13:55:22","slug":"skema-e-aksh-it-zbardh-skandalin-rama-pergjoi-diplomatet-e-huaj","status":"publish","type":"post","link":"https:\/\/rdnews.al\/index.php\/2026\/01\/21\/skema-e-aksh-it-zbardh-skandalin-rama-pergjoi-diplomatet-e-huaj\/","title":{"rendered":"Skema e AKSH-it zbardh skandalin\/ Rama p\u00ebrgjoi diplomat\u00ebt e huaj"},"content":{"rendered":"<p><strong>Deklarata e Kryetarit t\u00eb PD, Sali Berisha<\/strong><\/p>\n<p>Situata \u00ebsht\u00eb edhe m\u00eb dramatike dhe po kund\u00ebrmon n\u00eb mbar\u00eb Europ\u00ebn.<\/p>\n<p>N\u00eb kancelarit\u00eb evropiane nuk flitet p\u00ebr gj\u00eb tjet\u00ebr ve\u00e7se p\u00ebr AKSHI-n.<\/p>\n<p>Dy arsye.<\/p>\n<p>Edi Rama ka p\u00ebrdorur AKSHI-n p\u00ebr t\u00eb p\u00ebrgjuar dhe kontrolluar jo vet\u00ebm \u00e7do qytetar shqiptar, por edhe \u00e7do t\u00eb huaj n\u00eb Shqip\u00ebri.<\/p>\n<p>Nga AKSHI jan\u00eb eksportuar t\u00eb gjith\u00eb t\u00eb dh\u00ebnat sekrete t\u00eb Shqip\u00ebris\u00eb dhe ato t\u00eb aleanc\u00ebs s\u00eb Atlantikut t\u00eb Veriut, tek organizatat kriminale dhe armiqt\u00eb e NATO-s dhe kjo p\u00ebrb\u00ebn nj\u00eb dhunim t\u00eb madh t\u00eb siguris\u00eb, jo vet\u00ebm p\u00ebr Shqip\u00ebrin\u00eb, por edhe p\u00ebr rajonin dhe Europ\u00ebn.<\/p>\n<p>Por AKSHI \u00ebsht\u00eb nj\u00eb monedh\u00eb me dy faqe.<\/p>\n<p>N\u00eb nj\u00ebr\u00ebn an\u00eb \u00ebsht\u00eb Linda e AKSHI-t, n\u00eb an\u00ebn tjet\u00ebr \u00ebsht\u00eb Linda e Surrelit.<\/p>\n<p>Dhe kjo e trondit Edi Ram\u00ebn.<\/p>\n<p>Kjo e shkat\u00ebrron Edi Ram\u00ebn.<\/p>\n","protected":false},"excerpt":{"rendered":"<p>Deklarata e Kryetarit t\u00eb PD, Sali Berisha Situata \u00ebsht\u00eb edhe m\u00eb dramatike dhe po kund\u00ebrmon n\u00eb mbar\u00eb Europ\u00ebn. N\u00eb kancelarit\u00eb evropiane nuk flitet p\u00ebr gj\u00eb tjet\u00ebr ve\u00e7se p\u00ebr AKSHI-n. Dy arsye. Edi Rama ka p\u00ebrdorur AKSHI-n p\u00ebr t\u00eb p\u00ebrgjuar dhe kontrolluar jo vet\u00ebm \u00e7do qytetar shqiptar, por edhe \u00e7do t\u00eb huaj n\u00eb Shqip\u00ebri. Nga AKSHI &hellip;<\/p>\n","protected":false},"author":3,"featured_media":134066,"comment_status":"closed","ping_status":"closed","sticky":false,"template":"","format":"standard","meta":{"footnotes":""},"categories":[37],"tags":[],"class_list":["post-134065","post","type-post","status-publish","format-standard","has-post-thumbnail","","category-politike"],"_links":{"self":[{"href":"https:\/\/rdnews.al\/index.php\/wp-json\/wp\/v2\/posts\/134065","targetHints":{"allow":["GET"]}}],"collection":[{"href":"https:\/\/rdnews.al\/index.php\/wp-json\/wp\/v2\/posts"}],"about":[{"href":"https:\/\/rdnews.al\/index.php\/wp-json\/wp\/v2\/types\/post"}],"author":[{"embeddable":true,"href":"https:\/\/rdnews.al\/index.php\/wp-json\/wp\/v2\/users\/3"}],"replies":[{"embeddable":true,"href":"https:\/\/rdnews.al\/index.php\/wp-json\/wp\/v2\/comments?post=134065"}],"version-history":[{"count":1,"href":"https:\/\/rdnews.al\/index.php\/wp-json\/wp\/v2\/posts\/134065\/revisions"}],"predecessor-version":[{"id":134067,"href":"https:\/\/rdnews.al\/index.php\/wp-json\/wp\/v2\/posts\/134065\/revisions\/134067"}],"wp:featuredmedia":[{"embeddable":true,"href":"https:\/\/rdnews.al\/index.php\/wp-json\/wp\/v2\/media\/134066"}],"wp:attachment":[{"href":"https:\/\/rdnews.al\/index.php\/wp-json\/wp\/v2\/media?parent=134065"}],"wp:term":[{"taxonomy":"category","embeddable":true,"href":"https:\/\/rdnews.al\/index.php\/wp-json\/wp\/v2\/categories?post=134065"},{"taxonomy":"post_tag","embeddable":true,"href":"https:\/\/rdnews.al\/index.php\/wp-json\/wp\/v2\/tags?post=134065"}],"curies":[{"name":"wp","href":"https:\/\/api.w.org\/{rel}","templated":true}]}}