{"id":134071,"date":"2026-01-21T14:08:00","date_gmt":"2026-01-21T14:08:00","guid":{"rendered":"https:\/\/rdnews.al\/?p=134071"},"modified":"2026-01-21T14:08:00","modified_gmt":"2026-01-21T14:08:00","slug":"trump-ne-davos-shba-nuk-e-ka-pare-kete-rritje-ekonomike-ne-100-vitet-e-fundit","status":"publish","type":"post","link":"https:\/\/rdnews.al\/index.php\/2026\/01\/21\/trump-ne-davos-shba-nuk-e-ka-pare-kete-rritje-ekonomike-ne-100-vitet-e-fundit\/","title":{"rendered":"Trump n\u00eb Davos\/ SHBA nuk e ka par\u00eb k\u00ebt\u00eb rritje ekonomike n\u00eb 100 vitet e fundit"},"content":{"rendered":"<p>Presidenti i Shteteve t\u00eb Bashkuara t\u00eb Amerik\u00ebs, Donald Trump, ka mbajtur fjalimin e tij n\u00eb Forumin Ekonomik Bot\u00ebror n\u00eb Davos, duke u rikthyer n\u00eb k\u00ebt\u00eb forum nd\u00ebrkomb\u00ebtar p\u00ebr her\u00eb t\u00eb par\u00eb gjat\u00eb mandatit t\u00eb tij t\u00eb dyt\u00eb presidencial.<\/p>\n<p>N\u00eb fjalimin e tij Trump theksoi se e do Evrop\u00ebn dhe do ta shoh t\u00eb shkoj\u00eb mir\u00eb, por sipas tij nuk po shkon n\u00eb drejtimin e duhur, duke p\u00ebrmendur shpenzimet qeveritare n\u00eb rritje, migrimin masiv t\u00eb pakontrolluar dhe importet e pafundme t\u00eb huaja.<\/p>\n<p>\u201cEkonomia jon\u00eb po rritet, produktiviteti po ashtu, t\u00eb ardhurat po rriten, inflacioni \u00ebsht\u00eb mundur dhe kufiri i rreziksh\u00ebm \u00ebsht\u00eb mbyllur, tashm\u00eb i padep\u00ebrtuesh\u00ebm. Kur SHBA rritet, gjith\u00eb bota ec\u00ebn mir\u00eb. Kur shkojm\u00eb keq ne, t\u00eb gjith\u00eb shkojn\u00eb keq. Mendova se do t\u00eb duheshin m\u00eb shum\u00eb se nj\u00eb vit, ndoshta nj\u00eb vit e nj\u00eb muaj, por ndodhi shum\u00eb shpejt. Brenda nj\u00eb viti, politikat tona, pavar\u00ebsisht nga ajo q\u00eb parashikuan ekspert\u00ebt, kan\u00eb prodhuar nj\u00eb rritje pa kosto q\u00eb vendi nuk e ka par\u00eb t\u00eb pakt\u00ebn n\u00eb 100 vitet e fundit. Kjo \u00ebsht\u00eb nj\u00eb mrekulli e v\u00ebrtet\u00eb. Askush nuk na besoi, askush nuk besoi se do ta arrinim k\u00ebt\u00eb, e megjithat\u00eb \u00ebsht\u00eb nj\u00eb fakt\u201d, theksoi ai.<\/p>\n","protected":false},"excerpt":{"rendered":"<p>Presidenti i Shteteve t\u00eb Bashkuara t\u00eb Amerik\u00ebs, Donald Trump, ka mbajtur fjalimin e tij n\u00eb Forumin Ekonomik Bot\u00ebror n\u00eb Davos, duke u rikthyer n\u00eb k\u00ebt\u00eb forum nd\u00ebrkomb\u00ebtar p\u00ebr her\u00eb t\u00eb par\u00eb gjat\u00eb mandatit t\u00eb tij t\u00eb dyt\u00eb presidencial. N\u00eb fjalimin e tij Trump theksoi se e do Evrop\u00ebn dhe do ta shoh t\u00eb shkoj\u00eb mir\u00eb, &hellip;<\/p>\n","protected":false},"author":3,"featured_media":134072,"comment_status":"closed","ping_status":"closed","sticky":false,"template":"","format":"standard","meta":{"footnotes":""},"categories":[38],"tags":[],"class_list":["post-134071","post","type-post","status-publish","format-standard","has-post-thumbnail","","category-bota"],"_links":{"self":[{"href":"https:\/\/rdnews.al\/index.php\/wp-json\/wp\/v2\/posts\/134071","targetHints":{"allow":["GET"]}}],"collection":[{"href":"https:\/\/rdnews.al\/index.php\/wp-json\/wp\/v2\/posts"}],"about":[{"href":"https:\/\/rdnews.al\/index.php\/wp-json\/wp\/v2\/types\/post"}],"author":[{"embeddable":true,"href":"https:\/\/rdnews.al\/index.php\/wp-json\/wp\/v2\/users\/3"}],"replies":[{"embeddable":true,"href":"https:\/\/rdnews.al\/index.php\/wp-json\/wp\/v2\/comments?post=134071"}],"version-history":[{"count":1,"href":"https:\/\/rdnews.al\/index.php\/wp-json\/wp\/v2\/posts\/134071\/revisions"}],"predecessor-version":[{"id":134073,"href":"https:\/\/rdnews.al\/index.php\/wp-json\/wp\/v2\/posts\/134071\/revisions\/134073"}],"wp:featuredmedia":[{"embeddable":true,"href":"https:\/\/rdnews.al\/index.php\/wp-json\/wp\/v2\/media\/134072"}],"wp:attachment":[{"href":"https:\/\/rdnews.al\/index.php\/wp-json\/wp\/v2\/media?parent=134071"}],"wp:term":[{"taxonomy":"category","embeddable":true,"href":"https:\/\/rdnews.al\/index.php\/wp-json\/wp\/v2\/categories?post=134071"},{"taxonomy":"post_tag","embeddable":true,"href":"https:\/\/rdnews.al\/index.php\/wp-json\/wp\/v2\/tags?post=134071"}],"curies":[{"name":"wp","href":"https:\/\/api.w.org\/{rel}","templated":true}]}}