{"id":134074,"date":"2026-01-21T17:23:13","date_gmt":"2026-01-21T17:23:13","guid":{"rendered":"https:\/\/rdnews.al\/?p=134074"},"modified":"2026-01-21T17:23:13","modified_gmt":"2026-01-21T17:23:13","slug":"ramafikimi-i-21-janarit-si-perdorim-i-viktimave-per-perfitime-politike-dhe-elektorale","status":"publish","type":"post","link":"https:\/\/rdnews.al\/index.php\/2026\/01\/21\/ramafikimi-i-21-janarit-si-perdorim-i-viktimave-per-perfitime-politike-dhe-elektorale\/","title":{"rendered":"Ramafikimi i 21 Janarit si p\u00ebrdorim i viktimave p\u00ebr p\u00ebrfitime politike dhe elektorale"},"content":{"rendered":"<p><strong>Nga Lu\u00e7iano BO\u00c7I<\/strong><\/p>\n<p>P\u00ebr historin\u00eb ka di\u00e7ka m\u00eb t\u00eb r\u00ebnd\u00eb se harresa.<\/p>\n<p>Dhe kjo di\u00e7ka \u00ebsht\u00eb keqp\u00ebrdorimi i saj.<\/p>\n<p>N\u00eb k\u00ebt\u00eb k\u00ebndv\u00ebshtrim 21 Janari nuk u harrua.<\/p>\n<p>Ai u instrumentalizua, u shnd\u00ebrrua n\u00eb kapital elektoral, n\u00eb dekor moral q\u00eb Rama e nxjerr nga magazina sa her\u00eb i duhen pik\u00eb politike dhe shp\u00ebtim politik e elektoral.<\/p>\n<p>Kjo \u00ebsht\u00eb esenca e ramafikimit: viktimat e asaj dite sh\u00ebrbejn\u00eb si sfond dhe si konsum momental politik.<\/p>\n<p>N\u00eb versionin e ramafikuar, viktimat e 21 Janarit p\u00ebrmenden n\u00eb fjalime, p\u00ebrdoren n\u00eb postime p\u00ebrvjetore, thirren n\u00eb heshtje ceremoniale, si\u00e7 u b\u00eb dhe sot.<\/p>\n<p>Por asnj\u00ebher\u00eb nuk u thohet familjar\u00ebve e opinionit se kush i \u00e7oi ata p\u00ebrball\u00eb kryeministris\u00eb p\u00ebr hir t\u00eb pushtetit t\u00eb vet t\u00eb sot\u00ebm kriminal, q\u00eb u paralajm\u00ebrua se do kalonte mbi kufoma.<\/p>\n<p>Prandaj Ramfikuesi RAM\u00cb i fshihet p\u00ebrgjegj\u00ebsis\u00eb e dhimbjen e b\u00ebn narrativ\u00eb. Narrativ\u00ebn e b\u00ebn mjet.<\/p>\n<p>Dhe mjetin p\u00ebrdoret vet\u00ebm kur i leverdis pushtetit t\u00eb tij, p\u00ebr t\u00eb akuzuar kund\u00ebrshtarin e trullosur turm\u00ebn.<\/p>\n<p>Prandaj Ram\u00ebs kaq i duhet. Nj\u00eb fjali e r\u00ebnd\u00eb p\u00ebr \u201cdemokracin\u00eb\u201d. M\u00eb pas nj\u00eb selfie me kuror\u00eb. Dhe n\u00eb mbyllje nj\u00eb heshtje e paketuar si dinjitet.<\/p>\n<p>Mesazhi i Ram\u00ebs \u00ebsht\u00eb cinik, por efektiv. 21 janari e aktivizon fort dhe me \u201cdrejt\u00ebsin\u00eb e re\u201d sa her\u00eb i duhet p\u00ebr t\u00eb goditur kund\u00ebrshtarin, p\u00ebr t\u00eb mbuluar skandale aktuale dhe p\u00ebr t\u00eb nd\u00ebrtuar imazh personal t\u00eb munguar moral.<\/p>\n<p>Dhe e \u00e7aktivizohet sapo vihet para p\u00ebrgjegj\u00ebsis\u00eb e sapo p\u00ebrfiton pushtetin q\u00eb dhe at\u00eb e kriminalizon.<\/p>\n<p>E pra kjo kjo nuk \u00ebsht\u00eb kujtes\u00eb kolektive por menaxhim politik i dhimbjes.<\/p>\n<p>Ramafikimi i 21 Janarit nuk i nderon t\u00eb vrar\u00ebt. I shfryt\u00ebzon p\u00ebr q\u00ebllime fundore personale e politike t\u00eb Ram\u00ebs.<\/p>\n<p>Nd\u00ebrsa nj\u00eb shoq\u00ebri q\u00eb pranon k\u00ebt\u00eb, pranon n\u00eb heshtje edhe iden\u00eb se viktimat vlejn\u00eb m\u00eb shum\u00eb si postera politik\u00eb, sesa si arsye p\u00ebr t\u00eb nd\u00ebrtuar nj\u00eb vend m\u00eb t\u00eb drejt\u00eb.<\/p>\n<p><img decoding=\"async\" src=\"https:\/\/scontent.ftia5-1.fna.fbcdn.net\/v\/t39.30808-6\/617426409_1450439719783883_7900533088928451530_n.jpg?_nc_cat=111&amp;ccb=1-7&amp;_nc_sid=833d8c&amp;_nc_ohc=KD5I4qHY5BAQ7kNvwFXWonZ&amp;_nc_oc=Adl6N9bfJXozsgvjs0Fo0qda_zOyKwHwq4OC9BDIuieQeKT69ssLl8vW1z09tmNvLzs&amp;_nc_zt=23&amp;_nc_ht=scontent.ftia5-1.fna&amp;_nc_gid=vEn_0VdSdM75gDl1Zvt9Yw&amp;oh=00_AfrMWI1V7d_-Mzp_Vjd9jOQciGDvp041-ivR4FJqQSbXfw&amp;oe=6976E171\" alt=\"P\u00ebrshkrimi i fotografis\u00eb nuk \u00ebsht\u00eb i disponuesh\u00ebm.\" \/><\/p>\n","protected":false},"excerpt":{"rendered":"<p>Nga Lu\u00e7iano BO\u00c7I P\u00ebr historin\u00eb ka di\u00e7ka m\u00eb t\u00eb r\u00ebnd\u00eb se harresa. Dhe kjo di\u00e7ka \u00ebsht\u00eb keqp\u00ebrdorimi i saj. N\u00eb k\u00ebt\u00eb k\u00ebndv\u00ebshtrim 21 Janari nuk u harrua. Ai u instrumentalizua, u shnd\u00ebrrua n\u00eb kapital elektoral, n\u00eb dekor moral q\u00eb Rama e nxjerr nga magazina sa her\u00eb i duhen pik\u00eb politike dhe shp\u00ebtim politik e elektoral. &hellip;<\/p>\n","protected":false},"author":4,"featured_media":134075,"comment_status":"closed","ping_status":"closed","sticky":false,"template":"","format":"standard","meta":{"footnotes":""},"categories":[37],"tags":[],"class_list":["post-134074","post","type-post","status-publish","format-standard","has-post-thumbnail","","category-politike"],"_links":{"self":[{"href":"https:\/\/rdnews.al\/index.php\/wp-json\/wp\/v2\/posts\/134074","targetHints":{"allow":["GET"]}}],"collection":[{"href":"https:\/\/rdnews.al\/index.php\/wp-json\/wp\/v2\/posts"}],"about":[{"href":"https:\/\/rdnews.al\/index.php\/wp-json\/wp\/v2\/types\/post"}],"author":[{"embeddable":true,"href":"https:\/\/rdnews.al\/index.php\/wp-json\/wp\/v2\/users\/4"}],"replies":[{"embeddable":true,"href":"https:\/\/rdnews.al\/index.php\/wp-json\/wp\/v2\/comments?post=134074"}],"version-history":[{"count":1,"href":"https:\/\/rdnews.al\/index.php\/wp-json\/wp\/v2\/posts\/134074\/revisions"}],"predecessor-version":[{"id":134076,"href":"https:\/\/rdnews.al\/index.php\/wp-json\/wp\/v2\/posts\/134074\/revisions\/134076"}],"wp:featuredmedia":[{"embeddable":true,"href":"https:\/\/rdnews.al\/index.php\/wp-json\/wp\/v2\/media\/134075"}],"wp:attachment":[{"href":"https:\/\/rdnews.al\/index.php\/wp-json\/wp\/v2\/media?parent=134074"}],"wp:term":[{"taxonomy":"category","embeddable":true,"href":"https:\/\/rdnews.al\/index.php\/wp-json\/wp\/v2\/categories?post=134074"},{"taxonomy":"post_tag","embeddable":true,"href":"https:\/\/rdnews.al\/index.php\/wp-json\/wp\/v2\/tags?post=134074"}],"curies":[{"name":"wp","href":"https:\/\/api.w.org\/{rel}","templated":true}]}}