{"id":134077,"date":"2026-01-21T17:29:20","date_gmt":"2026-01-21T17:29:20","guid":{"rendered":"https:\/\/rdnews.al\/?p=134077"},"modified":"2026-01-21T17:31:37","modified_gmt":"2026-01-21T17:31:37","slug":"gjithmone-ne-korsine-time","status":"publish","type":"post","link":"https:\/\/rdnews.al\/index.php\/2026\/01\/21\/gjithmone-ne-korsine-time\/","title":{"rendered":"Gjithmon\u00eb n\u00eb korsin\u00eb time&#8230;"},"content":{"rendered":"<p><strong>Nga Adriana KALAJA<\/strong><\/p>\n<p>N\u00eb fakt n\u00eb korsin\u00eb e t\u00eb drejt\u00ebs dhe t\u00eb v\u00ebrtet\u00ebs<\/p>\n<p>Sot, pas 36 muaj, ndjehem mir\u00eb, pasi e kam fituar betej\u00ebn morale me nj\u00eb kriminele si Irena me 300 mbiemra.<\/p>\n<p>Dhe t\u00eb mendosh q\u00eb, p\u00ebrball\u00eb nuk kisha vet\u00ebm nj\u00eb gjyqtare dhe ish Kryetare t\u00eb nj\u00eb prej gjykatave m\u00eb t\u00eb r\u00ebnd\u00ebsishme n\u00eb vend, por nj\u00eb bandite q\u00eb kishte n\u00eb krah pushtetin mafioz, narko qeverin\u00eb, krimin e organizuar, parat\u00eb e pista dhe mb\u00ebshtetjen e institucioneve ligjzbatuese, t\u00eb mbytura n\u00eb llumin e korrupsionit dhe nepotizmit.<\/p>\n<p>Por un\u00eb i&#8217;a dola.<\/p>\n<p>Un\u00eb nuk u ndala pavar\u00ebsisht \u00e7do gj\u00ebje.<\/p>\n<p>Si?<\/p>\n<p>Duke ndjekur korsin\u00eb e t\u00eb v\u00ebrtet\u00ebs dhe t\u00eb drejt\u00ebs, por edhe duke b\u00ebr\u00eb &#8220;presionin&#8221; e duhur lidhur me denoncimet e mia, p\u00ebr t&#8217;i treguar atyre q\u00eb paguhen me parat\u00eb tona dhe q\u00eb n\u00eb shum\u00eb raste b\u00ebjn\u00eb sikur harrojn\u00eb, n\u00eb bashk\u00ebpim n\u00eb fakt me denoncuesin, se nuk mund b\u00ebjn\u00eb qoka dhe korrupsion ne detyrat kushtetuese se:<\/p>\n<p>&#8211; Une i v\u00ebzhgoj dhe, as nuk lodhem e as nuk harroj.<\/p>\n<p>N\u00eb k\u00ebt\u00eb kuad\u00ebr, sot kam p\u00ebrcjell\u00eb k\u00ebrkesat e rradh\u00ebs pran\u00eb SPAK dhe Prokuroris\u00eb s\u00eb P\u00ebrgjithshme, duke b\u00ebr\u00eb q\u00eb shkresat e p\u00ebrpiluara nga un\u00eb, lidhur me k\u00ebt\u00eb \u00e7\u00ebshtje t\u00eb jen\u00eb:<\/p>\n<ol>\n<li>N\u00eb Prokurorin\u00eb e P\u00ebrgjithshme, 9 (n\u00ebnt\u00eb) k\u00ebrkesa.<\/li>\n<li>N\u00eb Ministrin\u00eb e Drejt\u00ebsis\u00eb, 2 (dy) k\u00ebrkesa.<\/li>\n<li>N\u00eb SPAK, 1 (nj\u00eb) kall\u00ebzim baze dhe 2 (dy) shtesa.<\/li>\n<li>N\u00eb SPAK, 4 (kat\u00ebr) k\u00ebrkesa p\u00ebr infirmacion dhe depozitim prove t\u00eb re.<\/li>\n<li>N\u00eb KLGJ, 1 (nj\u00eb) k\u00ebrkes\u00eb.<\/li>\n<li>N\u00eb KPA, 1 (nj\u00eb) k\u00ebrkes\u00eb.<\/li>\n<li>N\u00eb ILD, 1 (nj\u00eb) k\u00ebrkes\u00eb.<\/li>\n<li>N\u00eb KPA, ish Komisionerit Dumani, 1 (nj\u00eb) k\u00ebrkes\u00eb.<\/li>\n<li>N\u00eb ONM, 1 (nj\u00eb) k\u00ebrkes\u00eb.<\/li>\n<li>Rezyme e dor\u00ebzuar pran\u00eb Ambasad\u00ebs s\u00eb SHBA, p\u00ebr gjith\u00eb aktivitetin kriminal t\u00eb k\u00ebsaj vras\u00ebse me pages\u00eb, t\u00eb opozit\u00ebs shqiptare, krer\u00ebve t\u00eb saj dhe rrjedhimisht pluralizmit t\u00eb vendit.<\/li>\n<\/ol>\n<p>Hapi i rradh\u00ebs?<\/p>\n<p>Surpriz\u00eb&#8230;&#8230;<\/p>\n<p>Mos i fikni nes\u00ebr celular\u00ebt<\/p>\n<p>Nd\u00ebrkoh\u00eb, deri nes\u00ebr, lexoni shkresat q\u00eb p\u00ebrcolla sot pran\u00eb SPAK (e kat\u00ebrta), dhe Prokuroris\u00eb s\u00eb P\u00ebrgjithshme (e n\u00ebnta):<\/p>\n<p><img decoding=\"async\" src=\"https:\/\/scontent.ftia5-1.fna.fbcdn.net\/v\/t39.30808-6\/619082225_2241482222930086_1374868431602410418_n.jpg?stp=dst-jpg_s590x590_tt6&amp;_nc_cat=107&amp;ccb=1-7&amp;_nc_sid=833d8c&amp;_nc_eui2=AeHJbUERsARA7mhhbZhCD-l5bew2DjLPIv1t7DYOMs8i_cJCCDNWHxIIg-QHjU4MOUY&amp;_nc_ohc=rDFFTk0lOH4Q7kNvwHAUrwG&amp;_nc_oc=AdkIFxtfIWEX105nFHKwFHcD54avwH0ijKOQCFXAa47sk78B3YIEYnn22IHkHUsdncM&amp;_nc_zt=23&amp;_nc_ht=scontent.ftia5-1.fna&amp;_nc_gid=NGjzaP4rWgylYE0HtZ2jug&amp;oh=00_AfoMB7X_SUKR5YEx_Wq9bVCX5MwSmu5RxOFm82PtA1tQ3g&amp;oe=6976CE9F\" \/><\/p>\n<p><img decoding=\"async\" src=\"https:\/\/scontent.ftia5-1.fna.fbcdn.net\/v\/t39.30808-6\/617086055_2241482276263414_1712709334842717096_n.jpg?stp=dst-jpg_s590x590_tt6&amp;_nc_cat=107&amp;ccb=1-7&amp;_nc_sid=833d8c&amp;_nc_eui2=AeEaPmCObX9WjM5OJBjWL5cPo69jTXESiTCjr2NNcRKJMOx3fgWZwYCu7Ulr9xvcYZY&amp;_nc_ohc=t9Ssi3oUbyQQ7kNvwGQnsGH&amp;_nc_oc=Adn2FQreaBkNGgr9YMYUwzETbAZ1HytKmsSSuEa7sucWpJBcZf3i7jFp20aqbPlT5p0&amp;_nc_zt=23&amp;_nc_ht=scontent.ftia5-1.fna&amp;_nc_gid=NGjzaP4rWgylYE0HtZ2jug&amp;oh=00_AfpbGpveG2UOZuF7qrhbmFMYXq4juBh0kuzU2BwZsiysVw&amp;oe=6976ED35\" \/><\/p>\n<p><img decoding=\"async\" src=\"https:\/\/scontent.ftia5-1.fna.fbcdn.net\/v\/t39.30808-6\/615926414_2241482316263410_5985658157275129775_n.jpg?stp=dst-jpg_s590x590_tt6&amp;_nc_cat=102&amp;ccb=1-7&amp;_nc_sid=833d8c&amp;_nc_eui2=AeHVGlTC3hJqfu7L2cO51jpva6ghVWFkOrxrqCFVYWQ6vEIxDKAgRJp3MbRb29HDtnA&amp;_nc_ohc=x2NwhGTXmGcQ7kNvwGKhcGp&amp;_nc_oc=AdnOMcWHJj5S16_c4Qu67ReKgG4esohE2pnHD5FTfWMh62r9yEl9Dx4spGSuHObplWo&amp;_nc_zt=23&amp;_nc_ht=scontent.ftia5-1.fna&amp;_nc_gid=NGjzaP4rWgylYE0HtZ2jug&amp;oh=00_AfrAkqzXNwcQDp89MoV4i59Hir5AHAed-KktDu0yRuGvUA&amp;oe=6976D001\" \/><\/p>\n<p><img decoding=\"async\" src=\"https:\/\/scontent.ftia5-1.fna.fbcdn.net\/v\/t39.30808-6\/616069814_2241482356263406_1754585351933609671_n.jpg?stp=dst-jpg_s590x590_tt6&amp;_nc_cat=111&amp;ccb=1-7&amp;_nc_sid=833d8c&amp;_nc_eui2=AeGnMb8V2iOER4etaj0ySDw5Ix9h9iLECuIjH2H2IsQK4pPqns3QaFAJ86M8ADRVkfw&amp;_nc_ohc=KlrP8z56NCMQ7kNvwEihE9e&amp;_nc_oc=AdmfSeNiGg9BIf7JjHZM_uKPyAD6vKFD42Fc4KUQlRI9iHOasbx3hBHkqav7q-2ButQ&amp;_nc_zt=23&amp;_nc_ht=scontent.ftia5-1.fna&amp;_nc_gid=NGjzaP4rWgylYE0HtZ2jug&amp;oh=00_AfrRKRAL5DnBWxIXYHQplrG36kB4gpz3LJL2DvGwNFRL1g&amp;oe=6976F6EF\" \/><\/p>\n<p><img decoding=\"async\" src=\"https:\/\/scontent.ftia5-1.fna.fbcdn.net\/v\/t39.30808-6\/616023644_2241482392930069_3085131025902752786_n.jpg?_nc_cat=110&amp;ccb=1-7&amp;_nc_sid=833d8c&amp;_nc_eui2=AeETnXKA-XKgVEPDd_oQAaisbqxKpSOC_jdurEqlI4L-N3l8tJalgL2F2g1ldIGDWHc&amp;_nc_ohc=SyJxEUbk3IAQ7kNvwHIo-Us&amp;_nc_oc=AdkrQKU0lcfmJUjRLPUgu1ciuhiCM6UcioW8EHNGuHhnmrWDo0_dU2Kk8tmRCZT2Y9E&amp;_nc_zt=23&amp;_nc_ht=scontent.ftia5-1.fna&amp;_nc_gid=6IR_q1T6WB3j2lXY3WQMYw&amp;oh=00_Afp-e5YzDCN3-T55b01AD81zAYUkCkAE2brEbbDoc-2Erw&amp;oe=6976E902\" alt=\"Mund t\u00eb jet\u00eb nj\u00eb imazh i teksti q\u00eb thot\u00eb &quot;kat\u00ebrti, k\u00ebshtu, kjo shkres\u00eb, v\u00ebn\u00eb dijeni hetimi d\u00ebbimet (ekspulset), subjektit hetim detyrueshme edhe nga Juaj, m\u00ebparshme, edhe me Gjoka ashtu lidhen edhe grek, v\u00ebna apostile dispozicion nga Autoritetet Greke Sali Berisha), rastin lindjes faqe edhe nga fillimisht Eurodeputeti Fredi Bejleri maj 2025 dhe bera publike nga lidhet Te kalimin shtetin subjektit. pesti, nga shkresa vendimin fundit v\u00ebn\u00eb n\u00eb dispozicionin ton\u00eb, mungon \u101b\u1001 rezultateve verifikimit, lidhur deklarimet Irena Gjoka Ndodhur kushtet, nj\u00eb subjektet gjithe p\u00ebrs\u00ebritur, kemi v\u00ebn\u00eb TenyTe l\u00ebvizje per dhe Venie p\u00ebr dispozicion (ekspulset), \u00e7ertifikates lindjes). Juaj lidhur me shtetin Ae lidhet djalit subjektit greke, rastin lindjes Venie vendimit&quot;\" \/><img decoding=\"async\" src=\"https:\/\/scontent.ftia5-1.fna.fbcdn.net\/v\/t39.30808-6\/616254516_2241482432930065_8042404593375331162_n.jpg?_nc_cat=110&amp;ccb=1-7&amp;_nc_sid=833d8c&amp;_nc_eui2=AeF7ezk_6sEtxKJNN9_qYKnxc05SW5fZiYdzTlJbl9mJh7tHRocRRILUvyl945zLWZs&amp;_nc_ohc=Ny8wKVQOzzMQ7kNvwFQYeiQ&amp;_nc_oc=AdmnfpcREUe-iJEB0gmYs6FUXmeVEDoJ8veW5WFEOSRpn4bd1LTgWF0qn1b3NYQBQT0&amp;_nc_zt=23&amp;_nc_ht=scontent.ftia5-1.fna&amp;_nc_gid=CpkjL3C7KMTnAR7VGNbZCg&amp;oh=00_Afr1_GDMP2NOozkAGn7zH8NwVpYet7fSHz5K9p3kx-tAqA&amp;oe=6976F869\" alt=\"Mund t\u00eb jet\u00eb nj\u00eb imazh i am\u00eb e bilet\u00ebs dhe teksti q\u00eb thot\u00eb &quot;Ne pritje p\u00ebrgjigjes Tuaj, Ju falenderojm\u00eb paraprakisht dhe Ju uroj pun\u00eb dhe dite e mbar\u00eb. \u00c7do refuzim t\u1ebd k\u00ebsaj k\u00ebrkese, do ta konsiderojm\u00eb si shkelje t\u1ebd dispozitave ligjore n\u1ebd fuqi dhe do drejtohem organeve kompetente ligjzbatuese. Tiran\u00eb Te 21.01.2026 KERKUESE Adriana Cor Kalaja&quot;\" \/><\/p>\n","protected":false},"excerpt":{"rendered":"<p>Nga Adriana KALAJA N\u00eb fakt n\u00eb korsin\u00eb e t\u00eb drejt\u00ebs dhe t\u00eb v\u00ebrtet\u00ebs Sot, pas 36 muaj, ndjehem mir\u00eb, pasi e kam fituar betej\u00ebn morale me nj\u00eb kriminele si Irena me 300 mbiemra. Dhe t\u00eb mendosh q\u00eb, p\u00ebrball\u00eb nuk kisha vet\u00ebm nj\u00eb gjyqtare dhe ish Kryetare t\u00eb nj\u00eb prej gjykatave m\u00eb t\u00eb r\u00ebnd\u00ebsishme n\u00eb vend, &hellip;<\/p>\n","protected":false},"author":4,"featured_media":15677,"comment_status":"closed","ping_status":"closed","sticky":false,"template":"","format":"standard","meta":{"footnotes":""},"categories":[44],"tags":[],"class_list":["post-134077","post","type-post","status-publish","format-standard","has-post-thumbnail","","category-editorial"],"_links":{"self":[{"href":"https:\/\/rdnews.al\/index.php\/wp-json\/wp\/v2\/posts\/134077","targetHints":{"allow":["GET"]}}],"collection":[{"href":"https:\/\/rdnews.al\/index.php\/wp-json\/wp\/v2\/posts"}],"about":[{"href":"https:\/\/rdnews.al\/index.php\/wp-json\/wp\/v2\/types\/post"}],"author":[{"embeddable":true,"href":"https:\/\/rdnews.al\/index.php\/wp-json\/wp\/v2\/users\/4"}],"replies":[{"embeddable":true,"href":"https:\/\/rdnews.al\/index.php\/wp-json\/wp\/v2\/comments?post=134077"}],"version-history":[{"count":1,"href":"https:\/\/rdnews.al\/index.php\/wp-json\/wp\/v2\/posts\/134077\/revisions"}],"predecessor-version":[{"id":134078,"href":"https:\/\/rdnews.al\/index.php\/wp-json\/wp\/v2\/posts\/134077\/revisions\/134078"}],"wp:featuredmedia":[{"embeddable":true,"href":"https:\/\/rdnews.al\/index.php\/wp-json\/wp\/v2\/media\/15677"}],"wp:attachment":[{"href":"https:\/\/rdnews.al\/index.php\/wp-json\/wp\/v2\/media?parent=134077"}],"wp:term":[{"taxonomy":"category","embeddable":true,"href":"https:\/\/rdnews.al\/index.php\/wp-json\/wp\/v2\/categories?post=134077"},{"taxonomy":"post_tag","embeddable":true,"href":"https:\/\/rdnews.al\/index.php\/wp-json\/wp\/v2\/tags?post=134077"}],"curies":[{"name":"wp","href":"https:\/\/api.w.org\/{rel}","templated":true}]}}