{"id":134079,"date":"2026-01-21T17:33:53","date_gmt":"2026-01-21T17:33:53","guid":{"rendered":"https:\/\/rdnews.al\/?p=134079"},"modified":"2026-01-21T17:33:53","modified_gmt":"2026-01-21T17:33:53","slug":"mberrin-ne-klgj-shkresa-per-irena-gjoken-prokuroria-vendimi-i-gjykates-greke-eshte-autentik","status":"publish","type":"post","link":"https:\/\/rdnews.al\/index.php\/2026\/01\/21\/mberrin-ne-klgj-shkresa-per-irena-gjoken-prokuroria-vendimi-i-gjykates-greke-eshte-autentik\/","title":{"rendered":"Mb\u00ebrrin n\u00eb KLGJ shkresa p\u00ebr Irena Gjok\u00ebn, Prokuroria: Vendimi i gjykat\u00ebs greke \u00ebsht\u00eb autentik"},"content":{"rendered":"<p>Ka mb\u00ebrritur n\u00eb K\u00ebshillin e Lart\u00eb Gjyq\u00ebsor shkresa e Prokuroris\u00eb s\u00eb P\u00ebrgjithshme p\u00ebr hetimet dhe verifikimet e kryera ndaj gjyqtares s\u00eb GJKKO-s\u00eb, Irena Gjoka, p\u00ebr fshehjen e nj\u00eb d\u00ebnimi t\u00eb marr\u00eb n\u00eb Greqi p\u00ebr vepr\u00ebn e falsifikimit shum\u00eb vite m\u00eb par\u00eb.<\/p>\n<p>Prokuroria e P\u00ebrgjithshme n\u00eb raportin e saj thekson se vendimi i Gjykat\u00ebs s\u00eb Greqis\u00eb \u00ebsht\u00eb autentik dhe Gjoka nuk e kishte deklaruar n\u00eb Formularin e Dekriminalizimit kur kaloi procesin e Vettingut dhe p\u00ebrzgjedhjes n\u00eb GJKKO.<\/p>\n<p>N\u00eb k\u00ebto rrethana ajo \u00ebsht\u00eb referuar n\u00eb KLGJ p\u00ebr procedim disiplinor, teksa SPAK mbetet n\u00eb pritje t\u00eb let\u00ebr-porosive zyrtare nga Greqia p\u00ebr t\u00eb kryer hetimet edhe n\u00eb aspektin penal ndaj magjistrates.<\/p>\n<p>KLGJ kishte deklaruar dje se dokumenti nuk kishte mb\u00ebrritur n\u00eb institucion, kurse sot m\u00ebsohet se ky raport i PP gjendet aty p\u00ebr shqyrtim dhe procedim.<\/p>\n<p>Materialet i kan\u00eb kaluar Komisionit t\u00eb Karrier\u00ebs p\u00ebr shqyrtim.<\/p>\n","protected":false},"excerpt":{"rendered":"<p>Ka mb\u00ebrritur n\u00eb K\u00ebshillin e Lart\u00eb Gjyq\u00ebsor shkresa e Prokuroris\u00eb s\u00eb P\u00ebrgjithshme p\u00ebr hetimet dhe verifikimet e kryera ndaj gjyqtares s\u00eb GJKKO-s\u00eb, Irena Gjoka, p\u00ebr fshehjen e nj\u00eb d\u00ebnimi t\u00eb marr\u00eb n\u00eb Greqi p\u00ebr vepr\u00ebn e falsifikimit shum\u00eb vite m\u00eb par\u00eb. Prokuroria e P\u00ebrgjithshme n\u00eb raportin e saj thekson se vendimi i Gjykat\u00ebs s\u00eb Greqis\u00eb &hellip;<\/p>\n","protected":false},"author":4,"featured_media":66813,"comment_status":"closed","ping_status":"closed","sticky":false,"template":"","format":"standard","meta":{"footnotes":""},"categories":[37],"tags":[],"class_list":["post-134079","post","type-post","status-publish","format-standard","has-post-thumbnail","","category-politike"],"_links":{"self":[{"href":"https:\/\/rdnews.al\/index.php\/wp-json\/wp\/v2\/posts\/134079","targetHints":{"allow":["GET"]}}],"collection":[{"href":"https:\/\/rdnews.al\/index.php\/wp-json\/wp\/v2\/posts"}],"about":[{"href":"https:\/\/rdnews.al\/index.php\/wp-json\/wp\/v2\/types\/post"}],"author":[{"embeddable":true,"href":"https:\/\/rdnews.al\/index.php\/wp-json\/wp\/v2\/users\/4"}],"replies":[{"embeddable":true,"href":"https:\/\/rdnews.al\/index.php\/wp-json\/wp\/v2\/comments?post=134079"}],"version-history":[{"count":1,"href":"https:\/\/rdnews.al\/index.php\/wp-json\/wp\/v2\/posts\/134079\/revisions"}],"predecessor-version":[{"id":134080,"href":"https:\/\/rdnews.al\/index.php\/wp-json\/wp\/v2\/posts\/134079\/revisions\/134080"}],"wp:featuredmedia":[{"embeddable":true,"href":"https:\/\/rdnews.al\/index.php\/wp-json\/wp\/v2\/media\/66813"}],"wp:attachment":[{"href":"https:\/\/rdnews.al\/index.php\/wp-json\/wp\/v2\/media?parent=134079"}],"wp:term":[{"taxonomy":"category","embeddable":true,"href":"https:\/\/rdnews.al\/index.php\/wp-json\/wp\/v2\/categories?post=134079"},{"taxonomy":"post_tag","embeddable":true,"href":"https:\/\/rdnews.al\/index.php\/wp-json\/wp\/v2\/tags?post=134079"}],"curies":[{"name":"wp","href":"https:\/\/api.w.org\/{rel}","templated":true}]}}