{"id":134081,"date":"2026-01-21T17:46:18","date_gmt":"2026-01-21T17:46:18","guid":{"rendered":"https:\/\/rdnews.al\/?p=134081"},"modified":"2026-01-21T17:46:18","modified_gmt":"2026-01-21T17:46:18","slug":"dosja-5d-dhe-inceneratori-i-tiranes-lirohet-nga-burgu-taulant-tusha","status":"publish","type":"post","link":"https:\/\/rdnews.al\/index.php\/2026\/01\/21\/dosja-5d-dhe-inceneratori-i-tiranes-lirohet-nga-burgu-taulant-tusha\/","title":{"rendered":"Dosja \u201c5D\u201d dhe inceneratori i Tiran\u00ebs, lirohet nga burgu Taulant Tusha"},"content":{"rendered":"<p>I besuari i Erion Veliajt, Taulant Tusha, \u00ebsht\u00eb liruar nga burgu.<\/p>\n<p>Gjykata e Posacme i ka ndryshuar mas\u00ebn e siguris\u00eb nga \u201carrest me burg\u201d n\u00eb \u201carrest sht\u00ebpie\u201d.<\/p>\n<p>Vendimi p\u00ebr lirimin e tij \u00ebsht\u00eb marr\u00eb dit\u00ebn e sotme nga Gjykata e Posacme e Apelit p\u00ebr Korrupsionin dhe Krimin e Organizuar, p\u00ebrfaq\u00ebsuar nga gjyqtarja Iliriana Olldashi.<\/p>\n<p>Taulant Tushe \u00ebsht\u00eb nj\u00eb nga emrat e p\u00ebrfshir\u00eb n\u00eb dosjen e bujshme t\u00eb inceneratorit t\u00eb Tiran\u00ebs, nj\u00eb \u00e7\u00ebshtje q\u00eb ka ngritur akuza t\u00eb r\u00ebnda p\u00ebr shp\u00ebrdorim detyre dhe korrupsion n\u00eb lidhje me procedurat e ndjekura p\u00ebr nd\u00ebrtimin dhe menaxhimin e incenerator\u00ebve.<\/p>\n<p>Hetimet p\u00ebr k\u00ebt\u00eb dosje jan\u00eb zhvilluar nga SPAK dhe kan\u00eb \u00e7uar n\u00eb arrestime dhe masa sigurimi p\u00ebr disa ish-zyrtar\u00eb dhe persona t\u00eb lidhur me kontratat koncesionare.<\/p>\n<div class=\"jnews_inline_related_post_wrapper left\">\n<div class=\"jnews_inline_related_post\">\n<div class=\"jeg_postblock_29 jeg_postblock jeg_module_hook jeg_pagination_disable jeg_col_2o3 jnews_module_1650918_1_69710f8cb7c3f   \" data-unique=\"jnews_module_1650918_1_69710f8cb7c3f\">\n<div class=\"jeg_block_heading jeg_block_heading_6 jeg_subcat_right\"><\/div>\n<div class=\"jeg_block_navigation\">P\u00ebrve\u00e7 k\u00ebsaj dosjeje, Tushe rezulton i akuzuar edhe n\u00eb \u00e7\u00ebshtjen e njohur si \u201c5D\u201d, e cila lidhet me dyshime p\u00ebr afera korruptive dhe shkelje t\u00eb ligjit n\u00eb tendera dhe projekte publike t\u00eb zhvilluara nga institucione vendore. Edhe kjo \u00e7\u00ebshtje \u00ebsht\u00eb n\u00eb kompetenc\u00eb t\u00eb Prokuroris\u00eb s\u00eb Posa\u00e7me dhe vijon t\u00eb jet\u00eb n\u00eb faz\u00eb hetimi.<\/div>\n<\/div>\n<\/div>\n<\/div>\n<p>Taulant Tusha ka qen\u00eb pjes\u00eb e PS-s\u00eb q\u00eb nga dita e par\u00eb e pushtetit. Fillimisht Tusha mbante postin e Drejtorit t\u00eb Sh\u00ebrbimeve Mb\u00ebshtet\u00ebse n\u00eb Ministrin\u00eb p\u00ebr \u00c7\u00ebshtje Sociale dhe Rinis\u00eb, t\u00eb drejtuar nga Erion Veliaj asokohe. Por sapo Veliaj u zgjodh kryebashkiak i Tiran\u00ebs, Tusha u em\u00ebrua Drejtor i Pun\u00ebve Publike n\u00eb Bashki.<\/p>\n<p>Pas k\u00ebsaj Tusha ka drejtuar dhe Bordin Drejtues t\u00eb Uj\u00ebsjell\u00ebsit t\u00eb Tiran\u00ebs. Por n\u00eb vitin 2016, n\u00eb momentin q\u00eb u krijua Komisioni p\u00ebr koncesionin e mbetjeve, Tusha ishte i d\u00ebrguari i Veliajt.<\/p>\n<p>Taulant Tusha \u00ebsht\u00eb kall\u00ebzuar penalisht p\u00ebr \u00e7\u00ebshtjen e inceneratorit t\u00eb Tiran\u00ebs, nga p\u00ebrfaq\u00ebsuesit e opozit\u00ebs n\u00eb Komisionin Hetimor Parlamentar, t\u00eb ngritur p\u00ebr afer\u00ebn e Djeg\u00ebsve.<\/p>\n<p>Po ashtu, Aleanca p\u00ebr Mbrojtjen e Teatrit e ka Taulant Tush\u00ebn n\u00eb list\u00ebn prioritare t\u00eb t\u00eb kall\u00ebzuarve p\u00ebr shkat\u00ebrrimin e Teatrit Komb\u00ebtar.<\/p>\n<p>Gjithashtu, p\u00ebrfaq\u00ebsues t\u00eb opozit\u00ebn kan\u00eb kall\u00ebzuar Taulant Tush\u00ebn, si nj\u00eb nd\u00ebr personat p\u00ebrgjegj\u00ebs p\u00ebr fatur\u00ebn e fryr\u00eb financiare p\u00ebr nd\u00ebrtimin e shkoll\u00ebs s\u00eb mesme \u201cSami Frash\u00ebri\u201d.<\/p>\n","protected":false},"excerpt":{"rendered":"<p>I besuari i Erion Veliajt, Taulant Tusha, \u00ebsht\u00eb liruar nga burgu. Gjykata e Posacme i ka ndryshuar mas\u00ebn e siguris\u00eb nga \u201carrest me burg\u201d n\u00eb \u201carrest sht\u00ebpie\u201d. Vendimi p\u00ebr lirimin e tij \u00ebsht\u00eb marr\u00eb dit\u00ebn e sotme nga Gjykata e Posacme e Apelit p\u00ebr Korrupsionin dhe Krimin e Organizuar, p\u00ebrfaq\u00ebsuar nga gjyqtarja Iliriana Olldashi. Taulant &hellip;<\/p>\n","protected":false},"author":4,"featured_media":78415,"comment_status":"closed","ping_status":"closed","sticky":false,"template":"","format":"standard","meta":{"footnotes":""},"categories":[37],"tags":[],"class_list":["post-134081","post","type-post","status-publish","format-standard","has-post-thumbnail","","category-politike"],"_links":{"self":[{"href":"https:\/\/rdnews.al\/index.php\/wp-json\/wp\/v2\/posts\/134081","targetHints":{"allow":["GET"]}}],"collection":[{"href":"https:\/\/rdnews.al\/index.php\/wp-json\/wp\/v2\/posts"}],"about":[{"href":"https:\/\/rdnews.al\/index.php\/wp-json\/wp\/v2\/types\/post"}],"author":[{"embeddable":true,"href":"https:\/\/rdnews.al\/index.php\/wp-json\/wp\/v2\/users\/4"}],"replies":[{"embeddable":true,"href":"https:\/\/rdnews.al\/index.php\/wp-json\/wp\/v2\/comments?post=134081"}],"version-history":[{"count":1,"href":"https:\/\/rdnews.al\/index.php\/wp-json\/wp\/v2\/posts\/134081\/revisions"}],"predecessor-version":[{"id":134082,"href":"https:\/\/rdnews.al\/index.php\/wp-json\/wp\/v2\/posts\/134081\/revisions\/134082"}],"wp:featuredmedia":[{"embeddable":true,"href":"https:\/\/rdnews.al\/index.php\/wp-json\/wp\/v2\/media\/78415"}],"wp:attachment":[{"href":"https:\/\/rdnews.al\/index.php\/wp-json\/wp\/v2\/media?parent=134081"}],"wp:term":[{"taxonomy":"category","embeddable":true,"href":"https:\/\/rdnews.al\/index.php\/wp-json\/wp\/v2\/categories?post=134081"},{"taxonomy":"post_tag","embeddable":true,"href":"https:\/\/rdnews.al\/index.php\/wp-json\/wp\/v2\/tags?post=134081"}],"curies":[{"name":"wp","href":"https:\/\/api.w.org\/{rel}","templated":true}]}}