{"id":134083,"date":"2026-01-21T17:51:35","date_gmt":"2026-01-21T17:51:35","guid":{"rendered":"https:\/\/rdnews.al\/?p=134083"},"modified":"2026-01-21T17:52:12","modified_gmt":"2026-01-21T17:52:12","slug":"garo-kongresi-amerikan-thote-se-trafikimi-i-droges-dhe-pastrimi-i-parave-ne-shqiperi-perbejne-kercenim-per-interesat-e-shba-dhe-nato","status":"publish","type":"post","link":"https:\/\/rdnews.al\/index.php\/2026\/01\/21\/garo-kongresi-amerikan-thote-se-trafikimi-i-droges-dhe-pastrimi-i-parave-ne-shqiperi-perbejne-kercenim-per-interesat-e-shba-dhe-nato\/","title":{"rendered":"Kongresi Amerikan thot\u00eb se trafikimi i drog\u00ebs dhe pastrimi i parave n\u00eb Shqip\u00ebri p\u00ebrb\u00ebjn\u00eb k\u00ebrc\u00ebnim p\u00ebr interesat e SHBA dhe NATO"},"content":{"rendered":"<p><strong>Deklarata e z\u00ebdh\u00ebn\u00ebses s\u00eb PD, Floriana Garo:<\/strong><\/p>\n<p>N\u00eb vijim t\u00eb deklarat\u00ebs s\u00eb djeshme p\u00ebr seanc\u00ebn d\u00ebgjimore n\u00eb Kongresin Amerikan, Partia Demokratike thekson domosdoshm\u00ebrin\u00eb q\u00eb institucionet e drejt\u00ebsis\u00eb, Parlamenti dhe aktor\u00ebt politik\u00eb e shoq\u00ebror\u00eb, jo vet\u00ebm t\u00eb d\u00ebgjojn\u00eb at\u00eb q\u00eb vjen si kamban\u00eb alarmi nga kancelarit\u00eb m\u00eb t\u00eb larta, t\u00eb Uashingtonit, Brukselit etj., por edhe t\u00eb pozicionohen, t\u00eb reagojn\u00eb dhe t\u00eb p\u00ebrballen me rrezikun e narkoshtetit q\u00eb ka instaluar Edi Rama dhe qeveria e tij n\u00eb Shqip\u00ebri.<\/p>\n<p>Strategjia anti-karteleve t\u00eb drog\u00ebs t\u00eb Presidentit Trump, e ritheksuar disa her\u00eb edhe nga Ambasada Amerikane n\u00eb Tiran\u00eb, edhe nga t\u00eb d\u00ebrguarit e Departamentit t\u00eb Shtetit etj., duhet t\u00eb zbatohet n\u00eb Shqip\u00ebri me urgjenc\u00eb. Nj\u00eb vend an\u00ebtar i NATO, kandidat p\u00ebr BE, nuk mund t\u00eb jet\u00eb nj\u00ebkoh\u00ebsisht nj\u00eb narko-shtet q\u00eb hap dhe leht\u00ebson rrug\u00ebt e trafikut nd\u00ebrkomb\u00ebtar t\u00eb drog\u00ebs dhe pastrimit t\u00eb parave, t\u00eb cilat cenojn\u00eb sigurin\u00eb komb\u00ebtare, rajonale dhe europiane.<\/p>\n<p>N\u00eb vijim do t\u00eb lexoj sot 2 pyetje-p\u00ebrgjigje t\u00eb Kryetarit t\u00eb n\u00ebnKomisionit p\u00ebr Europ\u00ebn n\u00eb Kongresin Amerikan, Keith Self, p\u00ebr Profesorin e \u2018John Hopkins University\u2019 dhe ekspertin e Ballkanit, Joseph Eduards:<\/p>\n<p><strong>Pyetja 3<\/strong><\/p>\n<p>Si duhet t\u00eb reagoj\u00eb komuniteti nd\u00ebrkomb\u00ebtar ndaj shnd\u00ebrrimit t\u00eb Shqip\u00ebris\u00eb n\u00eb nj\u00eb qend\u00ebr t\u00eb trafikut dhe pastrimit t\u00eb parave?<\/p>\n<p>Trafikimi dhe pastrimi i parave p\u00ebrb\u00ebjn\u00eb k\u00ebrc\u00ebnim t\u00eb drejtp\u00ebrdrejt\u00eb p\u00ebr interesat e SHBA-s\u00eb dhe NATO-s dhe pasqyrojn\u00eb nj\u00eb patologji m\u00eb t\u00eb thell\u00eb n\u00eb sistemin e qeverisjes n\u00eb Shqip\u00ebri. Bashkimi i interesave t\u00eb partis\u00eb n\u00eb pushtet, institucioneve shtet\u00ebrore dhe krimit t\u00eb organizuar \u00ebsht\u00eb n\u00eb zem\u00ebr t\u00eb k\u00ebtij problemi.<\/p>\n<p>Si\u00e7 dokumentohet nga raportime hetimore dhe sanksione t\u00eb OFAC, krimi i organizuar ka dep\u00ebrtuar n\u00eb strukturat politike dhe ka ndikuar n\u00eb proceset zgjedhore. Lejimi i vazhdimit t\u00eb k\u00ebtij fenomeni rrezikon destabilizim t\u00eb m\u00ebtejsh\u00ebm n\u00eb Evrop\u00eb dhe hap\u00ebsir\u00ebn transatlantike.<\/p>\n<p><strong>Pyetja 4<\/strong><\/p>\n<p>Si duhet ta vler\u00ebsoj\u00eb SHBA implikimin e siguris\u00eb nga ekonomia e paligjshme e Shqip\u00ebris\u00eb?<\/p>\n<p>Raportimet e Departamentit t\u00eb Shtetit tregojn\u00eb se SHBA \u00ebsht\u00eb e vet\u00ebdijshme p\u00ebr rreziqet e siguris\u00eb q\u00eb burojn\u00eb nga roli i Shqip\u00ebris\u00eb si nyje e krimit t\u00eb organizuar. Flukset financiare t\u00eb paligjshme minojn\u00eb stabilitetin rajonal, leht\u00ebsojn\u00eb ndikime keqdash\u00ebse dhe komprometojn\u00eb krahun juglindor t\u00eb NATO-s.<\/p>\n<p>Sfida tani \u00ebsht\u00eb p\u00ebrkthimi i k\u00ebsaj vet\u00ebdijeje n\u00eb veprim politik konkret.<\/p>\n","protected":false},"excerpt":{"rendered":"<p>Deklarata e z\u00ebdh\u00ebn\u00ebses s\u00eb PD, Floriana Garo: N\u00eb vijim t\u00eb deklarat\u00ebs s\u00eb djeshme p\u00ebr seanc\u00ebn d\u00ebgjimore n\u00eb Kongresin Amerikan, Partia Demokratike thekson domosdoshm\u00ebrin\u00eb q\u00eb institucionet e drejt\u00ebsis\u00eb, Parlamenti dhe aktor\u00ebt politik\u00eb e shoq\u00ebror\u00eb, jo vet\u00ebm t\u00eb d\u00ebgjojn\u00eb at\u00eb q\u00eb vjen si kamban\u00eb alarmi nga kancelarit\u00eb m\u00eb t\u00eb larta, t\u00eb Uashingtonit, Brukselit etj., por edhe t\u00eb &hellip;<\/p>\n","protected":false},"author":4,"featured_media":134084,"comment_status":"closed","ping_status":"closed","sticky":false,"template":"","format":"standard","meta":{"footnotes":""},"categories":[37],"tags":[],"class_list":["post-134083","post","type-post","status-publish","format-standard","has-post-thumbnail","","category-politike"],"_links":{"self":[{"href":"https:\/\/rdnews.al\/index.php\/wp-json\/wp\/v2\/posts\/134083","targetHints":{"allow":["GET"]}}],"collection":[{"href":"https:\/\/rdnews.al\/index.php\/wp-json\/wp\/v2\/posts"}],"about":[{"href":"https:\/\/rdnews.al\/index.php\/wp-json\/wp\/v2\/types\/post"}],"author":[{"embeddable":true,"href":"https:\/\/rdnews.al\/index.php\/wp-json\/wp\/v2\/users\/4"}],"replies":[{"embeddable":true,"href":"https:\/\/rdnews.al\/index.php\/wp-json\/wp\/v2\/comments?post=134083"}],"version-history":[{"count":2,"href":"https:\/\/rdnews.al\/index.php\/wp-json\/wp\/v2\/posts\/134083\/revisions"}],"predecessor-version":[{"id":134086,"href":"https:\/\/rdnews.al\/index.php\/wp-json\/wp\/v2\/posts\/134083\/revisions\/134086"}],"wp:featuredmedia":[{"embeddable":true,"href":"https:\/\/rdnews.al\/index.php\/wp-json\/wp\/v2\/media\/134084"}],"wp:attachment":[{"href":"https:\/\/rdnews.al\/index.php\/wp-json\/wp\/v2\/media?parent=134083"}],"wp:term":[{"taxonomy":"category","embeddable":true,"href":"https:\/\/rdnews.al\/index.php\/wp-json\/wp\/v2\/categories?post=134083"},{"taxonomy":"post_tag","embeddable":true,"href":"https:\/\/rdnews.al\/index.php\/wp-json\/wp\/v2\/tags?post=134083"}],"curies":[{"name":"wp","href":"https:\/\/api.w.org\/{rel}","templated":true}]}}