{"id":134092,"date":"2026-01-21T18:10:17","date_gmt":"2026-01-21T18:10:17","guid":{"rendered":"https:\/\/rdnews.al\/?p=134092"},"modified":"2026-01-21T18:10:17","modified_gmt":"2026-01-21T18:10:17","slug":"tabaku-te-ngrihemi-me-te-forte-se-kurre-ti-japim-shqiperise-alternativen-me-te-mire-qe-e-jep-vetem-pd","status":"publish","type":"post","link":"https:\/\/rdnews.al\/index.php\/2026\/01\/21\/tabaku-te-ngrihemi-me-te-forte-se-kurre-ti-japim-shqiperise-alternativen-me-te-mire-qe-e-jep-vetem-pd\/","title":{"rendered":"Tabaku: T\u00eb ngrihemi m\u00eb t\u00eb fort\u00eb se kurr\u00eb, t&#8217;i japim Shqip\u00ebris\u00eb alternativ\u00ebn m\u00eb t\u00eb mir\u00eb q\u00eb e jep vet\u00ebm PD"},"content":{"rendered":"<p>Deputetja e PD, Jorida Tabaku gjat\u00eb fjal\u00ebs s\u00eb saj t\u00eb mbajtur n\u00eb takimin e an\u00ebtar\u00ebve dhe simpatizant\u00ebve t\u00eb deg\u00ebs num\u00ebr 2 n\u00eb Tiran\u00eb, u shpreh se, PD ka alternativ\u00ebn m\u00eb t\u00eb mir\u00eb p\u00ebr Shqip\u00ebrin\u00eb.<\/p>\n<p>Tabaku tha se, sot duhet t\u00eb ngrihemi m\u00eb t\u00eb fort\u00eb se kurr\u00eb, t&#8217;i japim Shqip\u00ebris\u00eb alternativ\u00ebn m\u00eb t\u00eb mir\u00eb q\u00eb e jep vet\u00ebm PD.<\/p>\n<p><strong>Fjala e deputetes Jorida Tabaku<\/strong><\/p>\n<p>I nderuar zoti Berisha, kryetar i Partis\u00eb Demokratike, t\u00eb nderuar demokrat\u00eb, demokrate, e dashur Floriana, i dashur Belind, i dashur Henri. Ne k\u00ebtu me nj\u00ebri-tjetrin kemi ndar\u00eb bashk\u00eb shum\u00eb sfida n\u00eb kat\u00ebr vitet e fundit dhe besoj t\u00eb gjith\u00eb jemi koshient\u00eb q\u00eb nuk \u00ebsht\u00eb nj\u00eb koh\u00eb e mir\u00eb, \u00ebsht\u00eb nj\u00eb koh\u00eb e v\u00ebshtir\u00eb p\u00ebr Shqip\u00ebrin\u00eb e p\u00ebr shqiptar\u00ebt. Dhe n\u00eb k\u00ebto momente, reflektimi, mendimi nuk \u00ebsht\u00eb luks, \u00ebsht\u00eb detyrim. Dhe ky proces q\u00eb Partia Demokratike po b\u00ebn, un\u00eb besoj q\u00eb \u00ebsht\u00eb nj\u00eb nga proceset m\u00eb t\u00eb r\u00ebnd\u00ebsishme q\u00eb ne mund t\u00eb kishim kryer pik\u00ebrisht sot.<\/p>\n<p>Secili prej jush ka dh\u00ebn\u00eb shum\u00eb nga vetja. Ka dh\u00ebn\u00eb nga familja, ka dh\u00ebn\u00eb nga qet\u00ebsia e vet, ka dh\u00ebn\u00eb pun\u00ebn, ka dh\u00ebn\u00eb koh\u00ebn p\u00ebr ta mbajtur gjall\u00eb dhe n\u00eb k\u00ebmb\u00eb Partin\u00eb Demokratike. P\u00ebr njer\u00ebzit q\u00eb kan\u00eb q\u00ebndruar edhe kur ishte m\u00eb e leht\u00eb t\u00eb largoheshe. P\u00ebr ata q\u00eb nuk kan\u00eb k\u00ebrkuar kurr\u00eb asgj\u00eb, e shum\u00eb prej jush k\u00ebtu n\u00eb 12 vjet vite nuk kan\u00eb k\u00ebrkuar kurr\u00eb asgj\u00eb. Un\u00eb personalisht ndjej nj\u00eb borxh t\u00eb thell\u00eb, ndjej nj\u00ebkoh\u00ebsisht nj\u00eb mir\u00ebnjohje dhe nj\u00eb respekt p\u00ebr t\u00eb gjith\u00eb pun\u00ebn, angazhimin dhe ve\u00e7se fal\u00ebnderime p\u00ebr at\u00eb q\u00eb keni b\u00ebr\u00eb n\u00eb majin e vitit t\u00eb shkuar, q\u00eb nuk ishte hera e par\u00eb n\u00eb fakt. E keni b\u00ebr\u00eb sa her\u00eb q\u00eb ka pasur zgjedhje.<\/p>\n<p>T\u00eb gjith\u00eb e dim\u00eb q\u00eb Partin\u00eb Demokratike e ka p\u00ebrpara nj\u00eb rrug\u00eb t\u00eb v\u00ebshtir\u00eb, t\u00eb mundimshme. Por aq e dim\u00eb se kjo nuk \u00ebsht\u00eb e pamundur. Historia nuk njeh fitore t\u00eb lehta. Por sigurisht, p\u00ebr ato q\u00eb duan ta ndryshojn\u00eb k\u00ebt\u00eb vend dhe objektivi jon\u00eb \u00ebsht\u00eb pik\u00ebrisht p\u00ebr t\u00eb ndryshuar k\u00ebt\u00eb vend, kjo \u00ebsht\u00eb m\u00ebse e arritshme. Rruga e drejt ringritjes s\u00eb Partis\u00eb Demokratike k\u00ebrkon guxim. K\u00ebrkon edhe guximin p\u00ebr t\u00eb ndryshuar veten, por nga ana tjet\u00ebr k\u00ebrkon dhe vendosm\u00ebri. P\u00ebr t\u00eb ndryshuar m\u00ebnyr\u00ebn se si b\u00ebjm\u00eb politik\u00eb, se si hapemi, se si e b\u00ebjm\u00eb Partin\u00eb Demokratike sht\u00ebpin\u00eb e gjith\u00eb shqiptar\u00ebve, si d\u00ebgjojm\u00eb e si i p\u00ebrgjigjemi realitetit t\u00eb sot\u00ebm.<\/p>\n<p>Kjo nuk b\u00ebhet thjesht sepse ka ardhur koha p\u00ebr t\u00eb ndryshuar. Por b\u00ebhet p\u00ebr t\u00eb respektuar t\u00eb gjith\u00eb demokrat\u00ebt e thjesht\u00eb, p\u00ebr t&#8217;ju respektuar juve. P\u00ebr t\u00eb respektuar ata q\u00eb kan\u00eb punuar me mish e me shpirt. P\u00ebr t\u00eb respektuar ata q\u00eb jan\u00eb themeli jon\u00eb e q\u00eb do t\u00eb vazhdojn\u00eb t\u00eb jen\u00eb themeli jon\u00eb, an\u00ebtar\u00ebt e Partis\u00eb Demokratike. N\u00eb k\u00ebto 12 vjet vite opozit\u00eb ne kemi par\u00eb e kemi d\u00ebgjuar shum\u00eb. Kemi qen\u00eb t\u00eb goditur edhe nga nj\u00eb sistem i kapur. Ndonj\u00ebher\u00eb edhe jemi lodhur nga beteja. Me pak men\u00e7uri mund t&#8217;i kishim evituar shum\u00eb nga ato q\u00eb kemi kaluar ve\u00e7an\u00ebrisht n\u00eb kat\u00ebr vitet e fundit. Por nj\u00eb gj\u00eb e kemi m\u00ebsuar: Q\u00eb Partia Demokratike \u00ebsht\u00eb rezistente. Partia Demokratike \u00ebsht\u00eb k\u00ebtu, \u00ebsht\u00eb n\u00eb k\u00ebmb\u00eb.<\/p>\n<p>Kemi m\u00ebsuar t\u00eb debatojm\u00eb, kemi m\u00ebsuar t\u00eb sh\u00ebrojm\u00eb edhe plag\u00eb q\u00eb shpeshher\u00eb ja kemi hapur nj\u00ebri-tjetrit. Por nga ana tjet\u00ebr kemi m\u00ebsuar edhe t\u00eb flasim, t\u00eb mos heshtim. Sepse fjala \u00ebsht\u00eb e shenjt\u00eb n\u00eb k\u00ebt\u00eb parti e un\u00eb besoj e shpresoj shum\u00eb q\u00eb kjo do t\u00eb ndodh\u00eb: t\u00eb flasim, t\u00eb tregojm\u00eb guxim p\u00ebr ta ndryshuar e p\u00ebrmir\u00ebsuar Partin\u00eb Demokratike. Prandaj gjith\u00e7ka q\u00eb po ndodh sot n\u00eb Partin\u00eb Demokratike un\u00eb e shoh jo si nj\u00eb kritik\u00eb, por e shoh si nj\u00eb l\u00ebvizje p\u00ebr ta p\u00ebrmir\u00ebsuar. Nuk e shoh si nj\u00eb ndarje, por e shoh si nj\u00eb m\u00ebnyr\u00eb p\u00ebr t&#8217;u rritur, nj\u00eb m\u00ebnyr\u00eb p\u00ebr t&#8217;u zgjeruar. E shoh si nj\u00eb k\u00ebrkes\u00eb edhe p\u00ebr t&#8217;u p\u00ebrmir\u00ebsuar.<\/p>\n<p>T\u00eb dashur miq, shum\u00eb nga ju p\u00ebrballen \u00e7do dit\u00eb me problemet q\u00eb kan\u00eb shqiptar\u00ebt. Sa her\u00eb q\u00eb shohim f\u00ebmij\u00eb t\u00eb vegj\u00ebl n\u00eb rrug\u00ebt e rrugicat e deg\u00ebs, n\u00eb zon\u00ebn ton\u00eb, t\u00eb gjith\u00eb e kuptojm\u00eb barr\u00ebn e r\u00ebnd\u00eb e v\u00ebshtir\u00ebsit\u00eb ekonomike q\u00eb kan\u00eb familjet. Sa her\u00eb q\u00eb secili prej jush shkon e p\u00ebrballet me \u00e7mimet e larta, p\u00ebrballet me situat\u00ebn e v\u00ebshtir\u00eb ekonomike, ju e dini, e p\u00ebrjetoni m\u00eb shum\u00eb se kushdo, ndoshta m\u00eb shum\u00eb se ne, v\u00ebshtir\u00ebsin\u00eb e jet\u00ebs. Sa her\u00eb q\u00eb shohim f\u00ebmij\u00ebt q\u00eb p\u00ebrballen me nj\u00eb sistem arsimor i cili sot \u00ebsht\u00eb m\u00eb keq se \u00e7&#8217;ka qen\u00eb ndonj\u00ebher\u00eb n\u00eb 34 vite. Sa her\u00eb q\u00eb shohim profesionist\u00eb q\u00eb e kan\u00eb t\u00eb pamundur q\u00eb t\u00eb ushtrojn\u00eb profesionin e tyre k\u00ebtu e detyrohen t\u00eb largohen nga Shqip\u00ebria, ne e dim\u00eb se vendi jon\u00eb \u00e7do dit\u00eb po humb njer\u00ebz. E ne duhet t\u00eb jemi n\u00eb lart\u00ebsin\u00eb e detyr\u00ebs p\u00ebr t\u00eb b\u00ebr\u00eb t\u00eb pamundur\u00ebn q\u00eb t&#8217;i p\u00ebrgjigjemi sfidave q\u00eb ka koha e t&#8217;i p\u00ebrgjigjemi qytetar\u00ebve shqiptar\u00eb me ofert\u00ebn m\u00eb t\u00eb mir\u00eb t\u00eb mundshme.<\/p>\n<p>A mendoni se debatet tona t\u00eb brendshme jan\u00eb m\u00eb t\u00eb mira dhe i sh\u00ebrbejn\u00eb m\u00eb shum\u00eb shqiptar\u00ebve se k\u00ebto nevoja q\u00eb kan\u00eb shqiptar\u00ebt? Un\u00eb mendoj q\u00eb jo. Ne duhet patjet\u00ebr, duhet patjet\u00ebr t\u00eb fokusohemi te k\u00ebto shqet\u00ebsime q\u00eb kan\u00eb shqiptar\u00ebt. Ka vend dhe p\u00ebr t\u00eb b\u00ebr\u00eb Partia Demokratike plot debate, ka forume t\u00eb brendshme. Ka vende se ku mund ta thot\u00eb mendimin ndryshe, n\u00eb strukturat e partis\u00eb. Por ne duhet patjet\u00ebr t&#8217;i p\u00ebrgjigjemi sfidave t\u00eb koh\u00ebs, duhet patjet\u00ebr q\u00eb t\u00eb mbrojm\u00eb shpres\u00ebn p\u00ebr shqiptar\u00ebt, duhet patjet\u00ebr t\u00eb flasim p\u00ebr sistemin e kapur, duhet patjet\u00ebr t\u00eb flasim p\u00ebr \u00e7do gj\u00eb q\u00eb sot punon kund\u00ebr demokrat\u00ebve e kund\u00ebr Shqip\u00ebris\u00eb.<\/p>\n<p>Ne nuk mund t\u00eb pretendojm\u00eb q\u00eb s&#8217;ka ndodhur asgj\u00eb. A kemi gabuar? Plot her\u00eb. A jemi rr\u00ebzuar? Po, jemi rr\u00ebzuar plot her\u00eb. Por sot kemi nevoj\u00eb q\u00eb t\u00eb ngrihemi n\u00eb k\u00ebmb\u00eb, m\u00eb t\u00eb fort\u00eb se kurr\u00eb, t&#8217;i japim Shqip\u00ebris\u00eb ofert\u00ebn m\u00eb t\u00eb mir\u00eb t\u00eb mundshme, alternativ\u00ebn m\u00eb t\u00eb mir\u00eb q\u00eb jam e sigurt e jep vet\u00ebm Partia Demokratike.<\/p>\n<p>Me mir\u00ebnjohje m\u00eb t\u00eb thell\u00eb p\u00ebr pun\u00ebn e p\u00ebr bashk\u00ebpunimin, me shpres\u00ebn e nj\u00eb bashk\u00ebpunimi akoma dhe m\u00eb t\u00eb mir\u00eb, duke e ditur q\u00eb dit\u00eb m\u00eb t\u00eb mira do t\u00eb vijn\u00eb jo vet\u00ebm p\u00ebr Partin\u00eb Demokratike, por p\u00ebr Shqip\u00ebrin\u00eb e p\u00ebr shqiptar\u00ebt. Un\u00eb ju fal\u00ebnderoj me respektin m\u00eb t\u00eb thell\u00eb dhe k\u00ebrkoj mb\u00ebshtetjen tuaj q\u00eb k\u00ebt\u00eb rrug\u00ebtim q\u00eb kemi nisur ta \u00e7ojm\u00eb deri n\u00eb fund.<\/p>\n<p>Faleminderit!<\/p>\n","protected":false},"excerpt":{"rendered":"<p>Deputetja e PD, Jorida Tabaku gjat\u00eb fjal\u00ebs s\u00eb saj t\u00eb mbajtur n\u00eb takimin e an\u00ebtar\u00ebve dhe simpatizant\u00ebve t\u00eb deg\u00ebs num\u00ebr 2 n\u00eb Tiran\u00eb, u shpreh se, PD ka alternativ\u00ebn m\u00eb t\u00eb mir\u00eb p\u00ebr Shqip\u00ebrin\u00eb. Tabaku tha se, sot duhet t\u00eb ngrihemi m\u00eb t\u00eb fort\u00eb se kurr\u00eb, t&#8217;i japim Shqip\u00ebris\u00eb alternativ\u00ebn m\u00eb t\u00eb mir\u00eb q\u00eb e &hellip;<\/p>\n","protected":false},"author":4,"featured_media":134093,"comment_status":"closed","ping_status":"closed","sticky":false,"template":"","format":"standard","meta":{"footnotes":""},"categories":[37],"tags":[],"class_list":["post-134092","post","type-post","status-publish","format-standard","has-post-thumbnail","","category-politike"],"_links":{"self":[{"href":"https:\/\/rdnews.al\/index.php\/wp-json\/wp\/v2\/posts\/134092","targetHints":{"allow":["GET"]}}],"collection":[{"href":"https:\/\/rdnews.al\/index.php\/wp-json\/wp\/v2\/posts"}],"about":[{"href":"https:\/\/rdnews.al\/index.php\/wp-json\/wp\/v2\/types\/post"}],"author":[{"embeddable":true,"href":"https:\/\/rdnews.al\/index.php\/wp-json\/wp\/v2\/users\/4"}],"replies":[{"embeddable":true,"href":"https:\/\/rdnews.al\/index.php\/wp-json\/wp\/v2\/comments?post=134092"}],"version-history":[{"count":1,"href":"https:\/\/rdnews.al\/index.php\/wp-json\/wp\/v2\/posts\/134092\/revisions"}],"predecessor-version":[{"id":134094,"href":"https:\/\/rdnews.al\/index.php\/wp-json\/wp\/v2\/posts\/134092\/revisions\/134094"}],"wp:featuredmedia":[{"embeddable":true,"href":"https:\/\/rdnews.al\/index.php\/wp-json\/wp\/v2\/media\/134093"}],"wp:attachment":[{"href":"https:\/\/rdnews.al\/index.php\/wp-json\/wp\/v2\/media?parent=134092"}],"wp:term":[{"taxonomy":"category","embeddable":true,"href":"https:\/\/rdnews.al\/index.php\/wp-json\/wp\/v2\/categories?post=134092"},{"taxonomy":"post_tag","embeddable":true,"href":"https:\/\/rdnews.al\/index.php\/wp-json\/wp\/v2\/tags?post=134092"}],"curies":[{"name":"wp","href":"https:\/\/api.w.org\/{rel}","templated":true}]}}