{"id":134108,"date":"2026-01-21T18:54:52","date_gmt":"2026-01-21T18:54:52","guid":{"rendered":"https:\/\/rdnews.al\/?p=134108"},"modified":"2026-01-21T18:54:52","modified_gmt":"2026-01-21T18:54:52","slug":"berisha-rama-shpall-livadhet-e-troplinit-zona-te-teknologjise-se-larte-ne-nje-kohe-kur-aty-ka-vetem-lope-qe-kullosin","status":"publish","type":"post","link":"https:\/\/rdnews.al\/index.php\/2026\/01\/21\/berisha-rama-shpall-livadhet-e-troplinit-zona-te-teknologjise-se-larte-ne-nje-kohe-kur-aty-ka-vetem-lope-qe-kullosin\/","title":{"rendered":"Berisha: Rama shpall livadhet e Troplinit zona t\u00eb teknologjis\u00eb s\u00eb lart\u00eb, n\u00eb nj\u00eb koh\u00eb kur aty ka vet\u00ebm lop\u00eb q\u00eb kullosin"},"content":{"rendered":"<p>Kryetari i PD, Sali Berisha n\u00eb fjal\u00ebn e tij me an\u00ebtar\u00ebt e deg\u00ebs num\u00ebr 2, ka denoncuar fars\u00ebn elektorale, korrupsion masiv dhe kapje t\u00eb shtetit nga qeveria aktuale. Ai tha se, Rama shpall livadhet e Troplinit zona t\u00eb teknologjis\u00eb s\u00eb lart\u00eb, n\u00eb nj\u00eb koh\u00eb kur aty ka vet\u00ebm lop\u00eb q\u00eb kullosin.<\/p>\n<p>Berisha theksoi se vota \u00ebsht\u00eb bler\u00eb hapur p\u00ebrmes shp\u00ebrndarjes s\u00eb qindra milion\u00eb eurove nga buxheti i shtetit, nd\u00ebrsa sot, sipas tij, skandalet kan\u00eb marr\u00eb p\u00ebrmasa edhe m\u00eb t\u00eb r\u00ebnda, duke p\u00ebrfshir\u00eb zhdukjen e fondeve publike, afera miliard\u00ebshe dhe shpalljen e zonave fiktive t\u00eb teknologjis\u00eb s\u00eb lart\u00eb p\u00ebr p\u00ebrfitime familjare dhe klienteliste.<\/p>\n<p><strong>Berisha: <\/strong>T\u00eb dashur miq, n\u00eb 2021-shin, dy dit\u00eb pas zgjedhjeve, ka mb\u00ebrritur z\u00ebri dhe shkrojta, vota vdiq pa hyr\u00eb n\u00eb kuti. Po si vdiq vota pa hyr\u00eb n\u00eb kuti? Po sigurisht, sepse shp\u00ebrndau 130 milion\u00eb euro me fatura thesari, n\u00eb zon\u00ebn, n\u00eb Durr\u00ebs, Kam\u00ebz, Kurbin, Lezh\u00eb dhe nj\u00eb pjes\u00eb t\u00eb Tiran\u00ebs. E me 130 milion\u00eb euro t&#8217;i blen zgjedhjet. Edhe aty, prandaj shkrova n\u00eb at\u00eb koh\u00eb: vota vdiq pa hyr\u00eb n\u00eb kuti.<\/p>\n<p>N\u00eb k\u00ebto zgjedhje, kat\u00ebrfishi, pes\u00ebfishi, dhjet\u00ebfishi i atyre q\u00eb b\u00ebri n\u00eb 2021-shin. Nuk ishte zgjedhje, ishte fars\u00eb. Ndaj dhe ne kemi t\u00eb drejt\u00ebn komb\u00ebtare, nd\u00ebrkomb\u00ebtare, morale, ligjore, ta rr\u00ebzojm\u00eb k\u00ebt\u00eb qeveri nj\u00eb minut\u00eb e m\u00eb par\u00eb.<\/p>\n<p>Ne kemi \u00e7do motiv. S&#8217;\u00ebsht\u00eb vet\u00ebm kjo. Jo, prisni. Nj\u00eb qeveri q\u00eb del nga vota e lir\u00eb, por q\u00eb i vjedh qytetar\u00ebt, ajo meriton hu dhe vet\u00ebm hu. Ajo s&#8217;meriton kurr\u00eb t\u00eb qeveris\u00eb.<\/p>\n<p>Dy gj\u00ebra i heqin \u00e7do legjitimitet qeveris\u00eb: farsa zgjedhore dhe vjedhja e qytetar\u00ebve. Dhe vjedhja e qytetar\u00ebve. Tani, ne kemi denoncuar. N\u00eb vitin 2022, u gjet nga komisioni se Edi Rama, Erion Veliaj, kishin zhdukur vet\u00ebm tek djeg\u00ebsi i Tiran\u00ebs, pa nam e pa nishan, 130 milion\u00eb euro.<\/p>\n<p>130 milion\u00eb euro. Ajo \u00ebsht\u00eb e mjaftueshme t\u00eb rr\u00ebzohet Edi Rama n\u00eb \u00e7do koh\u00eb, n\u00eb \u00e7do dit\u00eb dhe n\u00eb \u00e7do muaj. Vazhdoj vijm\u00eb tani. Tani dalin dosjet, n\u00eb t\u00eb cilat ka vet\u00ebm nj\u00eb em\u00ebr dhe ky \u00ebsht\u00eb Edi Rama.<\/p>\n<p>Dosjet e Lubi Ballukut, t\u00eb cilat arrijn\u00eb absolutisht miliarda euro. Nuk ka imagjinat\u00eb, asnj\u00ebri prej nesh, po t\u00eb ulet dhe t\u00eb shkruaj\u00eb, b\u00ebji pak skenar\u00ebt si kan\u00eb vjedhur, sa kan\u00eb fryr\u00eb \u00e7mimet kan\u00eb vjedhur k\u00ebta, nuk jemi t\u00eb zot t&#8217;i b\u00ebjm\u00eb ato. Se ata kan\u00eb vjedhur n\u00eb m\u00ebnyra nga m\u00eb t\u00eb paimagjinueshmet.<\/p>\n<p>Kush mund t\u00eb imagjinonte se livadhet e Troplinit do konsideroheshin, do shpalleshin zona teknologjis\u00eb s\u00eb lart\u00eb, m\u00eb e zhvilluar n\u00eb Shqip\u00ebri, n\u00eb nj\u00eb koh\u00eb kur aty ka vet\u00ebm lop\u00eb q\u00eb kullosin dhe s&#8217;ka asnj\u00eb high-tech. Hajdut\u00ebt Edi Rama, baxhanaku i tij, marrin taksat e dhjet\u00ebra kompanive t\u00eb cil\u00ebt t\u00eb regjistruara atje paguajn\u00eb 5% taks\u00eb. Sepse tjetr\u00ebn, tjetrin ja paguajn\u00eb familjes Rama dhe Ram\u00ebs. A mund t\u00eb shkoj\u00eb mendja kjo? Q\u00eb t\u00eb regjistrosh zon\u00eb teknologjike n\u00eb livadhe, t\u00eb lash livadhe, asnj\u00eb tull\u00eb nuk ka aty dhe vazhdon prej dy vjet, tre vjet\u00ebsh, i paguajn\u00eb taksat.<\/p>\n<p>A mund t\u00eb ket\u00eb? A keni d\u00ebgjuar kurr\u00eb q\u00eb n\u00eb nj\u00eb nd\u00ebrmarrje shtet\u00ebrore, nd\u00ebrmarrje shtet\u00ebrore e shtetit, se n\u00eb nj\u00eb private hajt thot\u00eb njeriu se ky parat\u00eb private i ka, edhe aty ka p\u00ebrgjegj\u00ebsi po jo k\u00ebshtu. N\u00eb nj\u00eb nd\u00ebrmarrje shtet\u00ebrore t\u00eb merren peng biznesmen\u00ebt q\u00eb guxojn\u00eb, q\u00eb guxojn\u00eb t\u00eb marrin pjes\u00eb n\u00eb tendera. Sepse aty zot absolut duhet t\u00eb jet\u00eb baxhanaku Frangu. Kunati i Lind\u00ebs s\u00eb Surrelit. Q\u00eb del dhe u b\u00ebn dhe propagand\u00eb n\u00ebp\u00ebr televizione p\u00ebr vuajtjet e m\u00ebdha t\u00eb bashk\u00ebshortit n\u00eb vjedhje.<\/p>\n<p>E cila \u00ebsht\u00eb absolutisht 100%. Po aq dhe m\u00eb shum\u00eb p\u00ebrgjegj\u00ebse se Mirlinda e AKSHIT. Tani vijm\u00eb, tani \u00e7&#8217;na b\u00ebn? Tani thot\u00eb jo, nuk ka efekt, drejt\u00ebsia nuk mund t\u00eb veproj\u00eb. Dhe e b\u00ebn Belind\u00ebn kal\u00eb beteje. Sfid\u00eb dhe posht\u00ebrim p\u00ebr \u00e7do shqiptar, nuk i heqim imunitetin.<\/p>\n<p>Demokrat\u00eb e demokrat\u00eb, duhet t\u00eb jeni t\u00eb kthjell\u00ebt, t\u00eb qart\u00eb. Kurr\u00eb nj\u00eb kryeminist\u00ebr s&#8217;mund t\u00eb kund\u00ebrshtoj\u00eb k\u00ebrkes\u00ebn, n\u00eb qoft\u00eb se i p\u00ebrmbahet shtetit ligjor, k\u00ebrkes\u00ebn qoft\u00eb dhe 100% e padrejt\u00eb t\u00eb prokuroris\u00eb p\u00ebr t\u00eb hequr imunitetin. Jo.<\/p>\n<p>Q\u00eb n\u00eb pushtet, n\u00eb at\u00eb koh\u00eb ishte prokuroria e P\u00ebrgjithshme autoriteti q\u00eb k\u00ebrkonte heqjen e imuniteteve. Ju i dini mir\u00eb epitetet e mia t\u00eb merituara q\u00eb t\u00eb gjitha p\u00ebr Ina Ram\u00ebn. Por, por, ju them ju me sinqeritet absolut, se as p\u00ebr nj\u00eb t\u00eb mijt\u00ebn e sekond\u00ebs s&#8217;m\u00eb kishte shkuar kurr\u00eb n\u00eb mendje q\u00eb k\u00ebrkesat e saj p\u00ebr heqjen e imunitetit t&#8217;ja kund\u00ebrshtoj. Jo.<\/p>\n<p>Jo, p\u00ebrkundrazi. Vinte k\u00ebrkesa, ministri dor\u00ebzonte vet\u00eb imunitetin. Vinte k\u00ebrkesa, ministri jepte dor\u00ebheqje.<\/p>\n","protected":false},"excerpt":{"rendered":"<p>Kryetari i PD, Sali Berisha n\u00eb fjal\u00ebn e tij me an\u00ebtar\u00ebt e deg\u00ebs num\u00ebr 2, ka denoncuar fars\u00ebn elektorale, korrupsion masiv dhe kapje t\u00eb shtetit nga qeveria aktuale. Ai tha se, Rama shpall livadhet e Troplinit zona t\u00eb teknologjis\u00eb s\u00eb lart\u00eb, n\u00eb nj\u00eb koh\u00eb kur aty ka vet\u00ebm lop\u00eb q\u00eb kullosin. Berisha theksoi se vota &hellip;<\/p>\n","protected":false},"author":4,"featured_media":134109,"comment_status":"closed","ping_status":"closed","sticky":false,"template":"","format":"standard","meta":{"footnotes":""},"categories":[37],"tags":[],"class_list":["post-134108","post","type-post","status-publish","format-standard","has-post-thumbnail","","category-politike"],"_links":{"self":[{"href":"https:\/\/rdnews.al\/index.php\/wp-json\/wp\/v2\/posts\/134108","targetHints":{"allow":["GET"]}}],"collection":[{"href":"https:\/\/rdnews.al\/index.php\/wp-json\/wp\/v2\/posts"}],"about":[{"href":"https:\/\/rdnews.al\/index.php\/wp-json\/wp\/v2\/types\/post"}],"author":[{"embeddable":true,"href":"https:\/\/rdnews.al\/index.php\/wp-json\/wp\/v2\/users\/4"}],"replies":[{"embeddable":true,"href":"https:\/\/rdnews.al\/index.php\/wp-json\/wp\/v2\/comments?post=134108"}],"version-history":[{"count":1,"href":"https:\/\/rdnews.al\/index.php\/wp-json\/wp\/v2\/posts\/134108\/revisions"}],"predecessor-version":[{"id":134110,"href":"https:\/\/rdnews.al\/index.php\/wp-json\/wp\/v2\/posts\/134108\/revisions\/134110"}],"wp:featuredmedia":[{"embeddable":true,"href":"https:\/\/rdnews.al\/index.php\/wp-json\/wp\/v2\/media\/134109"}],"wp:attachment":[{"href":"https:\/\/rdnews.al\/index.php\/wp-json\/wp\/v2\/media?parent=134108"}],"wp:term":[{"taxonomy":"category","embeddable":true,"href":"https:\/\/rdnews.al\/index.php\/wp-json\/wp\/v2\/categories?post=134108"},{"taxonomy":"post_tag","embeddable":true,"href":"https:\/\/rdnews.al\/index.php\/wp-json\/wp\/v2\/tags?post=134108"}],"curies":[{"name":"wp","href":"https:\/\/api.w.org\/{rel}","templated":true}]}}