{"id":134111,"date":"2026-01-21T19:00:55","date_gmt":"2026-01-21T19:00:55","guid":{"rendered":"https:\/\/rdnews.al\/?p=134111"},"modified":"2026-01-21T19:00:55","modified_gmt":"2026-01-21T19:00:55","slug":"berisha-ne-24-janar-te-gjithe-ne-shesh-nuk-do-ta-nderpresim-betejen-gjer-diten-e-largimit-te-rames","status":"publish","type":"post","link":"https:\/\/rdnews.al\/index.php\/2026\/01\/21\/berisha-ne-24-janar-te-gjithe-ne-shesh-nuk-do-ta-nderpresim-betejen-gjer-diten-e-largimit-te-rames\/","title":{"rendered":"Berisha: N\u00eb 24 janar t\u00eb gjith\u00eb n\u00eb shesh! Nuk do ta nd\u00ebrpresim betej\u00ebn gjer dit\u00ebn e largimit t\u00eb Ram\u00ebs!"},"content":{"rendered":"<p>Kryetari i PD, Sali Berisha u b\u00ebri thirrje qytetar\u00ebve n\u00eb 24 janar t\u00eb dalin gjith\u00eb n\u00eb shesh. Ai tha se, nuk do ta nd\u00ebrpresim betej\u00ebn gjer dit\u00ebn e largimit t\u00eb Ram\u00ebs!<\/p>\n<p><strong>Berisha: <\/strong>Shikoni miq, sot \u00ebsht\u00eb 21 Janari. \u00c7far\u00eb b\u00ebri Edi Rama n\u00eb vitin 2011?<\/p>\n<p>Montoi nj\u00eb trillim, absolut trillim, me nj\u00eb regjistrim q\u00eb kishte b\u00ebr\u00eb Dritan Prifti. Ku nj\u00eb shkrese t\u00eb d\u00ebrguar nga nj\u00eb biznesmen, Ymer Tola, i cili kishte fituar nj\u00eb gjyq me nj\u00eb kompani italiane p\u00ebr nj\u00eb hidrocentral, i thoshte q\u00eb zoti minist\u00ebr m\u00eb zbato vendimin e gjykat\u00ebs, se gjat\u00eb k\u00ebtyre tre muajve q\u00eb nuk ke zbatuar vendimin, nd\u00ebrmarrja ime ka humbur 700 mij\u00eb euro.<\/p>\n<p>Meqen\u00ebse ishte p\u00ebrdorur fjala 700 mij\u00eb, Edi Rama me Filip \u00c7akulin e kishin montuar k\u00ebt\u00eb, shtuan fjal\u00ebn ryshfet, dhe ja ku \u00ebsht\u00eb korrupsioni. \u00c7far\u00eb b\u00ebri z\u00ebvend\u00ebs kryeministri? Z\u00ebvend\u00ebs kryeministri i cili, n\u00eb qoft\u00eb se largohej nga qeveria, e rr\u00ebzonte qeverin\u00eb, se ato ishin votat. Jo. Ai m\u00eb erdhi, jo kur k\u00ebrkoi prokurori, po me dat\u00ebn 14 m\u00eb erdhi n\u00eb zyr\u00eb, un\u00eb tha do jap dor\u00ebheqjen, do dor\u00ebzoj imunitetin, sepse nuk kam nd\u00ebrmend t\u00eb paraqitem tek prokurori si z\u00ebvend\u00ebs kryeminist\u00ebr.<\/p>\n<p>Kjo \u00ebsht\u00eb e v\u00ebrteta. Ky \u00ebsht\u00eb rregulli. Pushtetet jan\u00eb t\u00eb ndara. Dhe ti q\u00eb ke pushtet m\u00eb shum\u00eb, n\u00eb qoft\u00eb se atij pushtetit gjyq\u00ebsor ia heq, ti pastaj b\u00ebhesh nj\u00eb tiran i urryer p\u00ebr popullin t\u00ebnd. \u00c7far\u00eb b\u00ebn ky?<\/p>\n<p>Ky mbron nes\u00ebr Irenat e Gjykat\u00ebs Kushtetuese votojn\u00eb p\u00ebr mbrojtjen e Olit (Olta Xha\u00e7k\u00ebs). Sepse u \u00ebsht\u00eb b\u00ebr\u00eb presioni m\u00eb i madh. Pra ky po p\u00ebrdor sistemin gjyq\u00ebsor tani n\u00eb m\u00ebnyr\u00ebn m\u00eb kriminale p\u00ebr t\u00eb mbrojtur krimet kundra jush. Dhe un\u00eb ju them ju, ai nuk ia heq imunitetin asaj. Sepse ajo \u00ebsht\u00eb e v\u00ebrteta.<\/p>\n<p>\u00c7do dit\u00eb, q\u00eb ta dini, i thot\u00eb q\u00eb un\u00eb vet\u00ebm nuk shkoj. E ja u tha dhe n\u00eb mbledhje t\u00eb kryesis\u00eb, e detyroi t\u00eb mbledh\u00eb qeverin\u00eb me kryesin\u00eb socialiste dhe ja u tha aty t\u00eb gjith\u00ebve: un\u00eb ju marr me vete. Un\u00eb ju marr me vete sepse ajo ka zbatuar, e v\u00ebrteta, ajo \u00ebsht\u00eb e inkriminuar 100 p\u00ebrqind, po ka zbatuar 100 p\u00ebrqind udh\u00ebzimet e kryebanditit, e kryehajdutit t\u00eb shtetit shqiptar Edi Ram\u00ebs.<\/p>\n<p>Pra tani miq, p\u00ebr ta p\u00ebrmbledhur. K\u00ebtu jemi ne. Ne jemi n\u00eb k\u00ebt\u00eb situat\u00eb. Gjith\u00e7ka sot varet vet\u00ebm nga ne. Do t\u00eb pranojm\u00eb ne k\u00ebto veprime? Do t\u00eb pranojm\u00eb ne q\u00eb Edi Rama t\u00eb jet\u00eb edhe kryeminist\u00ebr hajdut, edhe gjykat\u00ebs, edhe prokuror? Do pranojm\u00eb ne q\u00eb Edi Rama t\u00eb tmerroj\u00eb, t\u00eb shtroj\u00eb zgjedhjet n\u00eb fars\u00eb?<\/p>\n<p>Do pranojm\u00eb ne q\u00eb t\u00eb shkojm\u00eb p\u00ebrs\u00ebri n\u00eb zgjedhje me Edi Ram\u00ebn n\u00eb zgjedhje? Jo. Prandaj dhe kjo \u00ebsht\u00eb prova e fundit. Kilometri i fundit. \u00cbsht\u00eb misioni m\u00eb i madh q\u00eb kemi patur ndonj\u00ebher\u00eb q\u00eb kur jemi krijuar gjer sot. Ja u them un\u00eb ju. Ne, ne kemi dy alternativa. Ose t\u00eb rr\u00ebmbejm\u00eb arm\u00ebt dhe t&#8217;i p\u00ebrz\u00ebm\u00eb, por ne nuk jemi kjo parti. Jo. Ne<\/p>\n<p>jemi parti e parimeve demokratike. Dhe kemi qen\u00eb, jemi themeluar t\u00eb till\u00eb. Dhe kjo ka qen\u00eb mrekullia jon\u00eb. Ja u them un\u00eb, n\u00eb qoft\u00eb se kjo parti ka b\u00ebr\u00eb, ka patur, ka b\u00ebr\u00eb nj\u00eb mrekulli n\u00eb ekzistenc\u00ebn e saj \u00ebsht\u00eb se ajo edhe kur u p\u00ebrdor dhuna kund\u00ebr saj, se kur u p\u00ebrdor dhuna kund\u00ebr saj, ajo nuk p\u00ebrdori kurr\u00eb dhun\u00ebn.<\/p>\n<p>Nuk jemi ne. Por ne kemi fituar \u00e7do betej\u00eb n\u00eb rrug\u00ebn q\u00eb besojm\u00eb. N\u00eb kryengritje paq\u00ebsore. N\u00eb q\u00ebndres\u00eb paq\u00ebsore. Dhe k\u00ebsaj here kjo k\u00ebrkohet nga ne. K\u00ebsaj here k\u00ebrkohet, k\u00ebrkohet q\u00eb ne t\u00eb betuar, t\u00eb mos l\u00ebshojm\u00eb sheshin gjer n\u00eb realizimin e q\u00ebllimit ton\u00eb.<\/p>\n<p>Vet\u00ebm njer\u00ebzit, t\u00eb cil\u00ebt i besojn\u00eb t\u00eb v\u00ebrtet\u00ebs, e kan\u00eb t\u00eb qart\u00eb t\u00eb v\u00ebrtet\u00ebn, jan\u00eb t\u00eb vendosur p\u00ebr t\u00eb sakrifikojn\u00eb p\u00ebr t\u00eb, fitojn\u00eb, s&#8217;humbasin kurr\u00eb. Edhe ne tani t\u00eb v\u00ebrtet\u00ebn e kemi p\u00ebrpara, e kemi t\u00eb qart\u00eb, dim\u00eb gjith\u00e7ka p\u00ebr t\u00eb, jemi m\u00eb t\u00eb motivuar se kurr\u00eb ta mbrojm\u00eb at\u00eb.<\/p>\n<p>Ndaj dhe me 24 janar t\u00eb gjith\u00eb qytetar\u00ebt e Tiran\u00ebs dhe t\u00eb Shqip\u00ebris\u00eb n\u00eb Tiran\u00eb.<\/p>\n<p>T\u00eb betuar q\u00eb ne betej\u00ebn ton\u00eb s&#8217;do e nd\u00ebrpresim gjer dit\u00ebn e largimit t\u00eb Edi Ram\u00ebs dhe ju garantoj se nuk ka forc\u00eb, nuk ka forc\u00eb n\u00eb bot\u00eb q\u00eb at\u00eb ta mbaj\u00eb n\u00eb pushtet para guximit tuaj, energjis\u00eb suaj. Rrofshi ju, rroft\u00eb Tirana, rroft\u00eb Shqip\u00ebria.<\/p>\n","protected":false},"excerpt":{"rendered":"<p>Kryetari i PD, Sali Berisha u b\u00ebri thirrje qytetar\u00ebve n\u00eb 24 janar t\u00eb dalin gjith\u00eb n\u00eb shesh. Ai tha se, nuk do ta nd\u00ebrpresim betej\u00ebn gjer dit\u00ebn e largimit t\u00eb Ram\u00ebs! Berisha: Shikoni miq, sot \u00ebsht\u00eb 21 Janari. \u00c7far\u00eb b\u00ebri Edi Rama n\u00eb vitin 2011? Montoi nj\u00eb trillim, absolut trillim, me nj\u00eb regjistrim q\u00eb kishte &hellip;<\/p>\n","protected":false},"author":4,"featured_media":134099,"comment_status":"closed","ping_status":"closed","sticky":false,"template":"","format":"standard","meta":{"footnotes":""},"categories":[37],"tags":[],"class_list":["post-134111","post","type-post","status-publish","format-standard","has-post-thumbnail","","category-politike"],"_links":{"self":[{"href":"https:\/\/rdnews.al\/index.php\/wp-json\/wp\/v2\/posts\/134111","targetHints":{"allow":["GET"]}}],"collection":[{"href":"https:\/\/rdnews.al\/index.php\/wp-json\/wp\/v2\/posts"}],"about":[{"href":"https:\/\/rdnews.al\/index.php\/wp-json\/wp\/v2\/types\/post"}],"author":[{"embeddable":true,"href":"https:\/\/rdnews.al\/index.php\/wp-json\/wp\/v2\/users\/4"}],"replies":[{"embeddable":true,"href":"https:\/\/rdnews.al\/index.php\/wp-json\/wp\/v2\/comments?post=134111"}],"version-history":[{"count":1,"href":"https:\/\/rdnews.al\/index.php\/wp-json\/wp\/v2\/posts\/134111\/revisions"}],"predecessor-version":[{"id":134112,"href":"https:\/\/rdnews.al\/index.php\/wp-json\/wp\/v2\/posts\/134111\/revisions\/134112"}],"wp:featuredmedia":[{"embeddable":true,"href":"https:\/\/rdnews.al\/index.php\/wp-json\/wp\/v2\/media\/134099"}],"wp:attachment":[{"href":"https:\/\/rdnews.al\/index.php\/wp-json\/wp\/v2\/media?parent=134111"}],"wp:term":[{"taxonomy":"category","embeddable":true,"href":"https:\/\/rdnews.al\/index.php\/wp-json\/wp\/v2\/categories?post=134111"},{"taxonomy":"post_tag","embeddable":true,"href":"https:\/\/rdnews.al\/index.php\/wp-json\/wp\/v2\/tags?post=134111"}],"curies":[{"name":"wp","href":"https:\/\/api.w.org\/{rel}","templated":true}]}}