{"id":134117,"date":"2026-01-21T21:55:22","date_gmt":"2026-01-21T21:55:22","guid":{"rendered":"https:\/\/rdnews.al\/?p=134117"},"modified":"2026-01-21T21:55:40","modified_gmt":"2026-01-21T21:55:40","slug":"i-cmenduri-mbledh-kuvendin-do-votoje-pjesmarrjen-ne-bordin-e-paqes-qe-nuk-eshte-krijuar","status":"publish","type":"post","link":"https:\/\/rdnews.al\/index.php\/2026\/01\/21\/i-cmenduri-mbledh-kuvendin-do-votoje-pjesmarrjen-ne-bordin-e-paqes-qe-nuk-eshte-krijuar\/","title":{"rendered":"I \u00e7menduri mbledh Kuvendin\/ Do votoj\u00eb pjesmarrjen n\u00eb &#8220;Bordin e Paqes&#8221; pa u krijuar!"},"content":{"rendered":"<p>Kreu i Partis\u00eb Republikane, Fatmir Mediu tha n\u00eb emisionin Now n\u00eb Euronews Albania se kryeministri dhe qeveria po nxitojn\u00eb t\u00eb votojn\u00eb marr\u00ebveshjen e aderimit t\u00eb Shqip\u00ebris\u00eb n\u00eb Bordin e Paqes pa pasur asnj\u00eb informacion se p\u00ebr \u00e7far\u00eb b\u00ebhet fjal\u00eb.<\/p>\n<p>Sipas tij, precedenti q\u00eb mund t\u00eb vendoset n\u00eb Gaza p\u00ebrmes k\u00ebtij bordi, ku marrin pjes\u00eb edhe vende si Rusia apo Bjellorusia mund t\u00eb krijoj\u00eb kosto edhe n\u00eb Ballkan.<\/p>\n<p>\u2018Sot K\u00ebshilli i Siguris\u00eb Komb\u00ebtare ka diskutuar p\u00ebr Bordin e Paqes dhe \u00ebsht\u00eb diskutuar se mund t\u00eb sjell\u00eb paqen n\u00eb Gaza po qe Rama atje. Ne kemi vet\u00ebm shfaqje p\u00ebr t\u00eb rritur nj\u00eb imazh pa thelb. Pyetja e pare \u00ebsht\u00eb, \u00e7far\u00eb do votojm\u00eb, mbi \u00e7\u2019logjik\u00eb kushtetuese do votojm\u00eb? Nuk ka nj\u00eb dokument legal q\u00eb votohet. Po them q\u00eb opozita \u00ebsht\u00eb pro p\u00ebr Bordin e Paqes, por ajo q\u00eb m\u00eb intereson si politikan \u00ebsht\u00eb t\u00eb kuptoj se mbi \u00e7far\u00eb bazash reale krijohet ky bord paqeje? Do votojm\u00eb pjes\u00ebmarrjen n\u00eb \u00e7far\u00eb? \u00cbsht\u00eb akoma ide. Ajo q\u00eb mund t\u00eb ndodh\u00eb n\u00eb Gaza p\u00ebrmes k\u00ebtij bordi, ku ka edhe vende si Rusia apo Bjellorusia\u2026Precedenti q\u00eb krijohet n\u00eb Gaza mund t\u00eb krijoj\u00eb kosto edhe n\u00eb Ballkan. Opozita do ta votoj\u00eb me t\u00eb dyja duart, por nuk e di \u00e7far\u00eb do votoj\u00eb\u2019, tha Mediu.<\/p>\n","protected":false},"excerpt":{"rendered":"<p>Kreu i Partis\u00eb Republikane, Fatmir Mediu tha n\u00eb emisionin Now n\u00eb Euronews Albania se kryeministri dhe qeveria po nxitojn\u00eb t\u00eb votojn\u00eb marr\u00ebveshjen e aderimit t\u00eb Shqip\u00ebris\u00eb n\u00eb Bordin e Paqes pa pasur asnj\u00eb informacion se p\u00ebr \u00e7far\u00eb b\u00ebhet fjal\u00eb. Sipas tij, precedenti q\u00eb mund t\u00eb vendoset n\u00eb Gaza p\u00ebrmes k\u00ebtij bordi, ku marrin pjes\u00eb edhe &hellip;<\/p>\n","protected":false},"author":3,"featured_media":134118,"comment_status":"closed","ping_status":"closed","sticky":false,"template":"","format":"standard","meta":{"footnotes":""},"categories":[37],"tags":[],"class_list":["post-134117","post","type-post","status-publish","format-standard","has-post-thumbnail","","category-politike"],"_links":{"self":[{"href":"https:\/\/rdnews.al\/index.php\/wp-json\/wp\/v2\/posts\/134117","targetHints":{"allow":["GET"]}}],"collection":[{"href":"https:\/\/rdnews.al\/index.php\/wp-json\/wp\/v2\/posts"}],"about":[{"href":"https:\/\/rdnews.al\/index.php\/wp-json\/wp\/v2\/types\/post"}],"author":[{"embeddable":true,"href":"https:\/\/rdnews.al\/index.php\/wp-json\/wp\/v2\/users\/3"}],"replies":[{"embeddable":true,"href":"https:\/\/rdnews.al\/index.php\/wp-json\/wp\/v2\/comments?post=134117"}],"version-history":[{"count":2,"href":"https:\/\/rdnews.al\/index.php\/wp-json\/wp\/v2\/posts\/134117\/revisions"}],"predecessor-version":[{"id":134120,"href":"https:\/\/rdnews.al\/index.php\/wp-json\/wp\/v2\/posts\/134117\/revisions\/134120"}],"wp:featuredmedia":[{"embeddable":true,"href":"https:\/\/rdnews.al\/index.php\/wp-json\/wp\/v2\/media\/134118"}],"wp:attachment":[{"href":"https:\/\/rdnews.al\/index.php\/wp-json\/wp\/v2\/media?parent=134117"}],"wp:term":[{"taxonomy":"category","embeddable":true,"href":"https:\/\/rdnews.al\/index.php\/wp-json\/wp\/v2\/categories?post=134117"},{"taxonomy":"post_tag","embeddable":true,"href":"https:\/\/rdnews.al\/index.php\/wp-json\/wp\/v2\/tags?post=134117"}],"curies":[{"name":"wp","href":"https:\/\/api.w.org\/{rel}","templated":true}]}}