{"id":134132,"date":"2026-01-22T09:23:41","date_gmt":"2026-01-22T09:23:41","guid":{"rendered":"https:\/\/rdnews.al\/?p=134132"},"modified":"2026-01-22T09:23:41","modified_gmt":"2026-01-22T09:23:41","slug":"balluku-ne-kushtetuese-gjkko-nuk-do-marrim-pjese-ne-seance","status":"publish","type":"post","link":"https:\/\/rdnews.al\/index.php\/2026\/01\/22\/balluku-ne-kushtetuese-gjkko-nuk-do-marrim-pjese-ne-seance\/","title":{"rendered":"Balluku n\u00eb Kushtetuese, GJKKO: Nuk do marrim pjes\u00eb n\u00eb seanc\u00eb!"},"content":{"rendered":"<p>Gjykata e Posa\u00e7me e Shkall\u00ebs s\u00eb Par\u00eb p\u00ebr Korrupsionin dhe Krimin e Organizuar (GJKKO) ka njoftuar se nuk do t\u00eb marr\u00eb pjes\u00eb n\u00eb seanc\u00ebn publike q\u00eb zhvillohet sot n\u00eb Gjykat\u00ebn Kushtetuese, n\u00eb lidhje me ankimin e Ram\u00ebs p\u00ebr \u00e7\u00ebshtjen Balluku.<\/p>\n<p>Gjykata argumenton se nuk do t\u00eb jet\u00eb pjes\u00eb, pasi vler\u00ebson se nuk mund t\u00eb legjitimohet si pal\u00eb n\u00eb gjykimin kushtetues me k\u00ebrkues Kryeministrin e Republik\u00ebs s\u00eb Shqip\u00ebris\u00eb.<\/p>\n<p>\u201cN\u00eb nj\u00eb shtet demokratik t\u00eb s\u00eb drejt\u00ebs, t\u00eb bazuar n\u00eb parimin e sundimit t\u00eb ligjit dhe t\u00eb ndarjes s\u00eb pushteteve, nj\u00eb gjykat\u00eb nuk mund t\u00eb thirret dhe as t\u00eb legjitimohet si pal\u00eb n\u00eb nj\u00eb gjykim kushtetues p\u00ebr t\u00eb b\u00ebr\u00eb parashtrime apo p\u00ebr t\u00eb mbrojtur nj\u00eb vendim t\u00eb dh\u00ebn\u00eb prej saj. Pjes\u00ebmarrja e GJKKO-s\u00eb si pal\u00eb e interesuar n\u00eb Gjykat\u00ebn Kushtetuese do t\u00eb cenonte parimin e ndarjes s\u00eb pushteteve dhe pavar\u00ebsin\u00eb e brendshme t\u00eb pushtetit gjyq\u00ebsor\u201d,- thuhet nd\u00ebr t\u00eb tjera n\u00eb njoftim.<\/p>\n<p><strong>Njoftimi:<\/strong><\/p>\n<p>Nisur nga pyetjet e vazhdueshme nga ana e gazetar\u00ebve dhe interesi i lart\u00eb q\u00eb ka n\u00eb media dhe n\u00eb publik seanca plenare publike q\u00eb do t\u00eb zhvillohet dit\u00ebn e sotme n\u00eb Gjykat\u00ebn Kushtetuese t\u00eb Republik\u00ebs s\u00eb Shqip\u00ebris\u00eb me:<\/p>\n<p>K\u00ebrkues: Kryeministri i Republik\u00ebs s\u00eb Shqip\u00ebris\u00eb.<\/p>\n<p>Subjekte t\u00eb Interesuara: Presidenti i Republik\u00ebs, Kuvendi i Republik\u00ebs s\u00eb Shqip\u00ebris\u00eb, Prokuroria e Posa\u00e7me kund\u00ebr Korrupsionit dhe Krimit t\u00eb Organizuar dhe Gjykata e Posa\u00e7me e Shkall\u00ebs s\u00eb Par\u00eb p\u00ebr Korrupsionin dhe Krimin e Organizuar.<\/p>\n<p>Objekti: \u201cZgjidhja e mosmarr\u00ebveshjes s\u00eb kompetenc\u00ebs s\u00eb krijuar nd\u00ebrmjet Kryeministrit dhe K\u00ebshillit t\u00eb Ministrave nga nj\u00ebra an\u00eb, dhe Gjykat\u00ebs s\u00eb Posa\u00e7me t\u00eb Shkall\u00ebs s\u00eb Par\u00eb p\u00ebr Korrupsionin dhe Krimin e Organizuar, nga ana tjet\u00ebr, lidhur me pezullimin e ushtrimit t\u00eb detyr\u00ebs s\u00eb an\u00ebtarit t\u00eb K\u00ebshillit t\u00eb Ministrave\u2026,<\/p>\n<p>Ju informojm\u00eb se GJKKO nuk do t\u00eb marr\u00eb pjes\u00eb n\u00eb k\u00ebt\u00eb seanc\u00eb plenare pasi vler\u00ebson se nuk mund t\u00eb legjitimohet si pal\u00eb n\u00eb gjykimin kushtetues me k\u00ebrkues Kryeministrin e Republik\u00ebs s\u00eb Shqip\u00ebris\u00eb.<\/p>\n<p>N\u00eb nj\u00eb shtet demokratik t\u00eb s\u00eb drejt\u00ebs, t\u00eb bazuar n\u00eb parimin e sundimit t\u00eb ligjit dhe t\u00eb ndarjes s\u00eb pushteteve, nj\u00eb gjykat\u00eb nuk mund t\u00eb thirret dhe as t\u00eb legjitimohet si pal\u00eb n\u00eb nj\u00eb gjykim kushtetues p\u00ebr t\u00eb b\u00ebr\u00eb parashtrime apo p\u00ebr t\u00eb mbrojtur nj\u00eb vendim t\u00eb dh\u00ebn\u00eb prej saj. Pjes\u00ebmarrja e GJKKO-s\u00eb si pal\u00eb e interesuar n\u00eb Gjykat\u00ebn Kushtetuese do t\u00eb cenonte parimin e ndarjes s\u00eb pushteteve dhe pavar\u00ebsin\u00eb e brendshme t\u00eb pushtetit gjyq\u00ebsor.<\/p>\n","protected":false},"excerpt":{"rendered":"<p>Gjykata e Posa\u00e7me e Shkall\u00ebs s\u00eb Par\u00eb p\u00ebr Korrupsionin dhe Krimin e Organizuar (GJKKO) ka njoftuar se nuk do t\u00eb marr\u00eb pjes\u00eb n\u00eb seanc\u00ebn publike q\u00eb zhvillohet sot n\u00eb Gjykat\u00ebn Kushtetuese, n\u00eb lidhje me ankimin e Ram\u00ebs p\u00ebr \u00e7\u00ebshtjen Balluku. Gjykata argumenton se nuk do t\u00eb jet\u00eb pjes\u00eb, pasi vler\u00ebson se nuk mund t\u00eb legjitimohet &hellip;<\/p>\n","protected":false},"author":4,"featured_media":134133,"comment_status":"closed","ping_status":"closed","sticky":false,"template":"","format":"standard","meta":{"footnotes":""},"categories":[37],"tags":[],"class_list":["post-134132","post","type-post","status-publish","format-standard","has-post-thumbnail","","category-politike"],"_links":{"self":[{"href":"https:\/\/rdnews.al\/index.php\/wp-json\/wp\/v2\/posts\/134132","targetHints":{"allow":["GET"]}}],"collection":[{"href":"https:\/\/rdnews.al\/index.php\/wp-json\/wp\/v2\/posts"}],"about":[{"href":"https:\/\/rdnews.al\/index.php\/wp-json\/wp\/v2\/types\/post"}],"author":[{"embeddable":true,"href":"https:\/\/rdnews.al\/index.php\/wp-json\/wp\/v2\/users\/4"}],"replies":[{"embeddable":true,"href":"https:\/\/rdnews.al\/index.php\/wp-json\/wp\/v2\/comments?post=134132"}],"version-history":[{"count":1,"href":"https:\/\/rdnews.al\/index.php\/wp-json\/wp\/v2\/posts\/134132\/revisions"}],"predecessor-version":[{"id":134134,"href":"https:\/\/rdnews.al\/index.php\/wp-json\/wp\/v2\/posts\/134132\/revisions\/134134"}],"wp:featuredmedia":[{"embeddable":true,"href":"https:\/\/rdnews.al\/index.php\/wp-json\/wp\/v2\/media\/134133"}],"wp:attachment":[{"href":"https:\/\/rdnews.al\/index.php\/wp-json\/wp\/v2\/media?parent=134132"}],"wp:term":[{"taxonomy":"category","embeddable":true,"href":"https:\/\/rdnews.al\/index.php\/wp-json\/wp\/v2\/categories?post=134132"},{"taxonomy":"post_tag","embeddable":true,"href":"https:\/\/rdnews.al\/index.php\/wp-json\/wp\/v2\/tags?post=134132"}],"curies":[{"name":"wp","href":"https:\/\/api.w.org\/{rel}","templated":true}]}}