{"id":134142,"date":"2026-01-22T09:59:01","date_gmt":"2026-01-22T09:59:01","guid":{"rendered":"https:\/\/rdnews.al\/?p=134142"},"modified":"2026-01-22T09:59:25","modified_gmt":"2026-01-22T09:59:25","slug":"berisha-ne-kuvend-a-jeni-gati-ju-qe-ramaduro-tia-transferoje-kompetencat-lubi-ballukut","status":"publish","type":"post","link":"https:\/\/rdnews.al\/index.php\/2026\/01\/22\/berisha-ne-kuvend-a-jeni-gati-ju-qe-ramaduro-tia-transferoje-kompetencat-lubi-ballukut\/","title":{"rendered":"Berisha: A jeni gati ju q\u00eb Ramaduro t\u2019ia transferoj\u00eb kompetencat Lubi Ballukut?"},"content":{"rendered":"<p>Kryetari i PD, Sali Berisha ka folur shkurt gjat\u00eb seanc\u00ebs s\u00eb paradites n\u00eb Kuvend. Berisha b\u00ebri vet\u00ebm nj\u00eb pyetje p\u00ebr mazhoranc\u00ebn.<\/p>\n<p>Berisha iu drejtua deputet\u00ebve t\u00eb PS, a jeni gati ju q\u00eb Ramaduro t\u2019ia transferoj\u00eb kompetencat Lubi Ballukut?<\/p>\n<p>Bersha:Vet\u00ebm nj\u00eb pyetje:<\/p>\n<p>A jeni gati ju q\u00eb Ramaduro t\u2019ia transferoj\u00eb kompetencat Lubi Ballukut?<\/p>\n<p>Na u p\u00ebrgjigjni p\u00ebr k\u00ebt\u00eb pyetje.<\/p>\n<p>Po, po.<\/p>\n<p>E sheh, e sheh me inat.<\/p>\n<p>T\u00eb gjith\u00eb jeni lubist\u00eb.<\/p>\n","protected":false},"excerpt":{"rendered":"<p>Kryetari i PD, Sali Berisha ka folur shkurt gjat\u00eb seanc\u00ebs s\u00eb paradites n\u00eb Kuvend. Berisha b\u00ebri vet\u00ebm nj\u00eb pyetje p\u00ebr mazhoranc\u00ebn. Berisha iu drejtua deputet\u00ebve t\u00eb PS, a jeni gati ju q\u00eb Ramaduro t\u2019ia transferoj\u00eb kompetencat Lubi Ballukut? Bersha:Vet\u00ebm nj\u00eb pyetje: A jeni gati ju q\u00eb Ramaduro t\u2019ia transferoj\u00eb kompetencat Lubi Ballukut? Na u p\u00ebrgjigjni &hellip;<\/p>\n","protected":false},"author":4,"featured_media":130701,"comment_status":"closed","ping_status":"closed","sticky":false,"template":"","format":"standard","meta":{"footnotes":""},"categories":[37],"tags":[],"class_list":["post-134142","post","type-post","status-publish","format-standard","has-post-thumbnail","","category-politike"],"_links":{"self":[{"href":"https:\/\/rdnews.al\/index.php\/wp-json\/wp\/v2\/posts\/134142","targetHints":{"allow":["GET"]}}],"collection":[{"href":"https:\/\/rdnews.al\/index.php\/wp-json\/wp\/v2\/posts"}],"about":[{"href":"https:\/\/rdnews.al\/index.php\/wp-json\/wp\/v2\/types\/post"}],"author":[{"embeddable":true,"href":"https:\/\/rdnews.al\/index.php\/wp-json\/wp\/v2\/users\/4"}],"replies":[{"embeddable":true,"href":"https:\/\/rdnews.al\/index.php\/wp-json\/wp\/v2\/comments?post=134142"}],"version-history":[{"count":2,"href":"https:\/\/rdnews.al\/index.php\/wp-json\/wp\/v2\/posts\/134142\/revisions"}],"predecessor-version":[{"id":134144,"href":"https:\/\/rdnews.al\/index.php\/wp-json\/wp\/v2\/posts\/134142\/revisions\/134144"}],"wp:featuredmedia":[{"embeddable":true,"href":"https:\/\/rdnews.al\/index.php\/wp-json\/wp\/v2\/media\/130701"}],"wp:attachment":[{"href":"https:\/\/rdnews.al\/index.php\/wp-json\/wp\/v2\/media?parent=134142"}],"wp:term":[{"taxonomy":"category","embeddable":true,"href":"https:\/\/rdnews.al\/index.php\/wp-json\/wp\/v2\/categories?post=134142"},{"taxonomy":"post_tag","embeddable":true,"href":"https:\/\/rdnews.al\/index.php\/wp-json\/wp\/v2\/tags?post=134142"}],"curies":[{"name":"wp","href":"https:\/\/api.w.org\/{rel}","templated":true}]}}