{"id":134145,"date":"2026-01-22T10:08:50","date_gmt":"2026-01-22T10:08:50","guid":{"rendered":"https:\/\/rdnews.al\/?p=134145"},"modified":"2026-01-22T10:08:50","modified_gmt":"2026-01-22T10:08:50","slug":"berisha-perpjekje-e-rames-per-te-mbuluar-grushtin-e-shtetit-per-mbrojtjen-e-lubi-ballukut","status":"publish","type":"post","link":"https:\/\/rdnews.al\/index.php\/2026\/01\/22\/berisha-perpjekje-e-rames-per-te-mbuluar-grushtin-e-shtetit-per-mbrojtjen-e-lubi-ballukut\/","title":{"rendered":"Berisha: P\u00ebrpjekje e Ram\u00ebs p\u00ebr t\u00eb mbuluar grushtin e shtetit p\u00ebr mbrojtjen e Lubi Ballukut!"},"content":{"rendered":"<p>Lideri i opozit\u00ebs, Sali Berisha, n\u00eb deklarat\u00ebn p\u00ebr mediat pas votimit n\u00eb Kuvend, tha se, procedura e ndjekur, \u00ebsht\u00eb nj\u00eb akt q\u00eb shkel n\u00eb m\u00ebnyr\u00eb flagrante nenet e Kushtetut\u00ebs.<\/p>\n<p>&#8220;Nj\u00eb sqarim, kjo q\u00eb shihni ju nuk \u00ebsht\u00eb procedura e p\u00ebrshpejtuar.<\/p>\n<p>Kjo q\u00eb shihni k\u00ebtu \u00ebsht\u00eb nj\u00eb akt q\u00eb shkel n\u00eb m\u00ebnyr\u00eb flagrante nenet e Kushtetut\u00ebs, q\u00eb p\u00ebrcaktojn\u00eb afatin e nj\u00eb procedure t\u00eb p\u00ebrshpejtuar q\u00eb nuk mund t\u00eb jet\u00eb kurr\u00eb m\u00eb e shkurt\u00ebr se sa nj\u00eb jav\u00eb.<\/p>\n<p>K\u00ebta nuk kan\u00eb Kushtetut\u00eb, nuk kan\u00eb ligj, nuk kan\u00eb moral.<\/p>\n<p>Edhe nj\u00ebher\u00eb, kjo nuk \u00ebsht\u00eb procedura e p\u00ebrshpejtuar.<\/p>\n<p>P\u00ebr \u00e7do shqiptar, duhet ta ket\u00eb t\u00eb qart\u00eb se procedura e p\u00ebrshpejtuar e k\u00ebtij parlamenti \u00ebsht\u00eb e p\u00ebrcaktuar me nene kushtetuese, t\u00eb cilat e ndalojn\u00eb zhvillimin e saj m\u00eb shpejt se nj\u00eb jav\u00eb nga iniciativa.<\/p>\n<p>N\u00eb k\u00ebt\u00eb kontekst, arsyet e k\u00ebsaj q\u00eb ndodhi jan\u00eb t\u00eb shumta, por para s\u00eb gjithash \u00ebsht\u00eb grushti i shtetit q\u00eb po konsumon Edi Rama me Gjykat\u00ebn Kushtetuese, e cila sot p\u00ebr turpin e saj vendos p\u00ebr t\u00eb shtyr\u00eb m\u00eb tej mbrojtjen e Lubi Ballukut dhe zhvler\u00ebsuar k\u00ebrkes\u00ebn e prokuroris\u00eb speciale p\u00ebr pezullimin dhe arrestimin e saj.<\/p>\n<p>Pra, kemi t\u00eb b\u00ebjm\u00eb me nj\u00eb akt kuvertur\u00eb p\u00ebr grushtin e shtetit q\u00eb po b\u00ebn Edi Rama n\u00eb mbrojtjen e vetes s\u00eb tij de facto.<\/p>\n<p>Qytetar\u00ebt duhet ta din\u00eb se n\u00eb tre rreshta t\u00eb dosjes s\u00eb Lubis\u00eb, dy jan\u00eb p\u00ebr Edi Ram\u00ebn.<\/p>\n<p>Qytetar\u00ebt duhet ta din\u00eb se n\u00eb d\u00ebshmit\u00eb e Gerond Me\u00e7es dhe t\u00eb tjer\u00eb, n\u00eb tre rreshta p\u00ebr Mirlind\u00ebn e AKSHI-t, dy jan\u00eb p\u00ebr Lind\u00ebn e Surrelit, Lind\u00ebn e kunatit t\u00eb florinjt\u00eb.<\/p>\n<p>Kunati i florinjt\u00eb \u00ebsht\u00eb Armand Frangu, q\u00eb merrte qindra milion\u00eb euro nga AKSHI edhe n\u00eb kushte t\u00eb rr\u00ebmbimit t\u00eb rival\u00ebve t\u00eb tij n\u00eb tendera&#8221;, u shpreh Berisha.<\/p>\n","protected":false},"excerpt":{"rendered":"<p>Lideri i opozit\u00ebs, Sali Berisha, n\u00eb deklarat\u00ebn p\u00ebr mediat pas votimit n\u00eb Kuvend, tha se, procedura e ndjekur, \u00ebsht\u00eb nj\u00eb akt q\u00eb shkel n\u00eb m\u00ebnyr\u00eb flagrante nenet e Kushtetut\u00ebs. &#8220;Nj\u00eb sqarim, kjo q\u00eb shihni ju nuk \u00ebsht\u00eb procedura e p\u00ebrshpejtuar. Kjo q\u00eb shihni k\u00ebtu \u00ebsht\u00eb nj\u00eb akt q\u00eb shkel n\u00eb m\u00ebnyr\u00eb flagrante nenet e Kushtetut\u00ebs, &hellip;<\/p>\n","protected":false},"author":4,"featured_media":134146,"comment_status":"closed","ping_status":"closed","sticky":false,"template":"","format":"standard","meta":{"footnotes":""},"categories":[37],"tags":[],"class_list":["post-134145","post","type-post","status-publish","format-standard","has-post-thumbnail","","category-politike"],"_links":{"self":[{"href":"https:\/\/rdnews.al\/index.php\/wp-json\/wp\/v2\/posts\/134145","targetHints":{"allow":["GET"]}}],"collection":[{"href":"https:\/\/rdnews.al\/index.php\/wp-json\/wp\/v2\/posts"}],"about":[{"href":"https:\/\/rdnews.al\/index.php\/wp-json\/wp\/v2\/types\/post"}],"author":[{"embeddable":true,"href":"https:\/\/rdnews.al\/index.php\/wp-json\/wp\/v2\/users\/4"}],"replies":[{"embeddable":true,"href":"https:\/\/rdnews.al\/index.php\/wp-json\/wp\/v2\/comments?post=134145"}],"version-history":[{"count":1,"href":"https:\/\/rdnews.al\/index.php\/wp-json\/wp\/v2\/posts\/134145\/revisions"}],"predecessor-version":[{"id":134147,"href":"https:\/\/rdnews.al\/index.php\/wp-json\/wp\/v2\/posts\/134145\/revisions\/134147"}],"wp:featuredmedia":[{"embeddable":true,"href":"https:\/\/rdnews.al\/index.php\/wp-json\/wp\/v2\/media\/134146"}],"wp:attachment":[{"href":"https:\/\/rdnews.al\/index.php\/wp-json\/wp\/v2\/media?parent=134145"}],"wp:term":[{"taxonomy":"category","embeddable":true,"href":"https:\/\/rdnews.al\/index.php\/wp-json\/wp\/v2\/categories?post=134145"},{"taxonomy":"post_tag","embeddable":true,"href":"https:\/\/rdnews.al\/index.php\/wp-json\/wp\/v2\/tags?post=134145"}],"curies":[{"name":"wp","href":"https:\/\/api.w.org\/{rel}","templated":true}]}}