{"id":134148,"date":"2026-01-22T10:14:14","date_gmt":"2026-01-22T10:14:14","guid":{"rendered":"https:\/\/rdnews.al\/?p=134148"},"modified":"2026-01-22T10:14:14","modified_gmt":"2026-01-22T10:14:14","slug":"mediu-po-vazhduam-keshtu-nuk-e-dime-a-do-te-kemi-me-parlament-apo-jo","status":"publish","type":"post","link":"https:\/\/rdnews.al\/index.php\/2026\/01\/22\/mediu-po-vazhduam-keshtu-nuk-e-dime-a-do-te-kemi-me-parlament-apo-jo\/","title":{"rendered":"Mediu: Po vazhduam k\u00ebshtu nuk e dim\u00eb a do t\u00eb kemi m\u00eb Parlament apo jo!"},"content":{"rendered":"<p>Kreu i PR, Fatmir Mediu, ka k\u00ebrkuar n\u00eb Kuvend q\u00eb t\u00eb respektohen Kushtetuta dhe procedurat n\u00eb lidhje me votimin p\u00ebr projektligjin \u201cP\u00ebr ratifikimin e marr\u00ebveshjes s\u00eb pranimit t\u00eb Republik\u00ebs s\u00eb Shqip\u00ebris\u00eb, p\u00ebrfaq\u00ebsuar nga Kryeministri Edi Rama, n\u00eb Kart\u00ebn e Bordit t\u00eb Paqes\u201d.<\/p>\n<p>Ai tha se n\u00ebse nuk respektohet Kushtetuta dhe procedura nuk dihet n\u00ebse do t\u00eb ket\u00eb m\u00eb Parlament.<\/p>\n<p>\u201cT\u00eb respektojm\u00eb Kushtetut\u00ebn. Kjo \u00ebsht\u00eb nj\u00eb \u00e7\u00ebshtje q\u00eb tejkalon d\u00ebshir\u00ebn ton\u00eb. Po vazhduam k\u00ebshtu nuk e dim\u00eb a do t\u00eb kemi m\u00eb Parlament apo jo.<\/p>\n<p>Ne p\u00ebr \u00e7\u00ebshtje t\u00eb siguris\u00eb jemi t\u00eb gjith\u00eb dakord p\u00ebr Bordin e Paqes, por nuk biem dakord p\u00ebr t\u00eb mos respektuar Kushtetut\u00ebn dhe procedurat. Se k\u00ebshtu do t\u00eb vij\u00eb nj\u00eb dit\u00eb q\u00eb ju do t\u00eb vini dhe do t\u00eb propozoni Edi Ram\u00ebn me mandatin e Begajt p\u00ebr t&#8217;u b\u00ebr\u00eb mbret i k\u00ebtij vendi dhe pastaj do ta aprovoni mbreti u \u00e7mend dhe pastaj do t\u00eb dalim t\u00eb gjith\u00eb t\u00eb themi &#8216;rroft\u00eb mbreti&#8217;. A ka mund\u00ebsi t\u00eb zbatoni Kushtetut\u00ebn\u201d, tha Mediu.<\/p>\n","protected":false},"excerpt":{"rendered":"<p>Kreu i PR, Fatmir Mediu, ka k\u00ebrkuar n\u00eb Kuvend q\u00eb t\u00eb respektohen Kushtetuta dhe procedurat n\u00eb lidhje me votimin p\u00ebr projektligjin \u201cP\u00ebr ratifikimin e marr\u00ebveshjes s\u00eb pranimit t\u00eb Republik\u00ebs s\u00eb Shqip\u00ebris\u00eb, p\u00ebrfaq\u00ebsuar nga Kryeministri Edi Rama, n\u00eb Kart\u00ebn e Bordit t\u00eb Paqes\u201d. Ai tha se n\u00ebse nuk respektohet Kushtetuta dhe procedura nuk dihet n\u00ebse do &hellip;<\/p>\n","protected":false},"author":4,"featured_media":134149,"comment_status":"closed","ping_status":"closed","sticky":false,"template":"","format":"standard","meta":{"footnotes":""},"categories":[37],"tags":[],"class_list":["post-134148","post","type-post","status-publish","format-standard","has-post-thumbnail","","category-politike"],"_links":{"self":[{"href":"https:\/\/rdnews.al\/index.php\/wp-json\/wp\/v2\/posts\/134148","targetHints":{"allow":["GET"]}}],"collection":[{"href":"https:\/\/rdnews.al\/index.php\/wp-json\/wp\/v2\/posts"}],"about":[{"href":"https:\/\/rdnews.al\/index.php\/wp-json\/wp\/v2\/types\/post"}],"author":[{"embeddable":true,"href":"https:\/\/rdnews.al\/index.php\/wp-json\/wp\/v2\/users\/4"}],"replies":[{"embeddable":true,"href":"https:\/\/rdnews.al\/index.php\/wp-json\/wp\/v2\/comments?post=134148"}],"version-history":[{"count":1,"href":"https:\/\/rdnews.al\/index.php\/wp-json\/wp\/v2\/posts\/134148\/revisions"}],"predecessor-version":[{"id":134150,"href":"https:\/\/rdnews.al\/index.php\/wp-json\/wp\/v2\/posts\/134148\/revisions\/134150"}],"wp:featuredmedia":[{"embeddable":true,"href":"https:\/\/rdnews.al\/index.php\/wp-json\/wp\/v2\/media\/134149"}],"wp:attachment":[{"href":"https:\/\/rdnews.al\/index.php\/wp-json\/wp\/v2\/media?parent=134148"}],"wp:term":[{"taxonomy":"category","embeddable":true,"href":"https:\/\/rdnews.al\/index.php\/wp-json\/wp\/v2\/categories?post=134148"},{"taxonomy":"post_tag","embeddable":true,"href":"https:\/\/rdnews.al\/index.php\/wp-json\/wp\/v2\/tags?post=134148"}],"curies":[{"name":"wp","href":"https:\/\/api.w.org\/{rel}","templated":true}]}}