{"id":134154,"date":"2026-01-22T10:27:17","date_gmt":"2026-01-22T10:27:17","guid":{"rendered":"https:\/\/rdnews.al\/?p=134154"},"modified":"2026-01-22T10:27:17","modified_gmt":"2026-01-22T10:27:17","slug":"berisha-pd-ka-votuar-dhe-do-votoje-gjithmone-si-shba-per-ceshtje-te-sigurise-rama-se-ka-bere-gjithmone-kete","status":"publish","type":"post","link":"https:\/\/rdnews.al\/index.php\/2026\/01\/22\/berisha-pd-ka-votuar-dhe-do-votoje-gjithmone-si-shba-per-ceshtje-te-sigurise-rama-se-ka-bere-gjithmone-kete\/","title":{"rendered":"Berisha: PD ka votuar dhe do votoj\u00eb gjithmon\u00eb si SHBA p\u00ebr \u00e7\u00ebshtje t\u00eb siguris\u00eb! Rama s&#8217;e ka b\u00ebr\u00eb gjithmon\u00eb k\u00ebt\u00eb"},"content":{"rendered":"<div id=\"rekl-49\">Kryetari i PD, Sali Berisha shprehet se Partia Demokratike do t\u00eb jet\u00eb gjithmon\u00eb krah SHBA, n\u00eb rastet e votimeve p\u00ebr \u00e7\u00ebshtjet e siguris\u00eb.<\/div>\n<div class=\"readmore-text-here\">\n<p>N\u00eb deklarat\u00ebn p\u00ebr media pas votimit n\u00eb Kusvend me procedur\u00eb t\u00eb p\u00ebrshpejtuar p\u00ebr pjes\u00ebmarrjen e Shqip\u00ebris\u00eb n\u00eb Bordin e Paqes p\u00ebr Gaz\u00ebn, Berisha tha se, Rama nuk e ka b\u00ebr\u00eb gjithmon\u00eb k\u00ebt\u00eb.<\/p>\n<p>Berisha tha se, pavar\u00ebsisht se kjo gjeopolitik\u00eb sot ka trajta t\u00eb tjera, personalisht n\u00eb \u00e7\u00ebshtje t\u00eb siguris\u00eb un\u00eb do votoja SHBA.<\/p>\n<p><strong>Pyetjet nga gazetar\u00ebt:<\/strong><\/p>\n<p><strong>Armand Bajrami:<\/strong> A do e votoni n\u00eb 12 Bordin e Paqes?<\/p>\n<p><strong>Sali Berisha:<\/strong>\u00a0Ju ftoj ta ndiqni seanc\u00ebn.<\/p>\n<p>Nj\u00ebher\u00eb t\u00eb qart\u00ebsohemi, nuk ka em\u00ebr m\u00eb t\u00eb nxir\u00eb sot n\u00eb Europ\u00eb se Edi Rama.<\/p>\n<p>\u00cbsht\u00eb baras me Lukashenkon dhe pak m\u00eb posht\u00eb.<\/p>\n<p>N\u00eb Komisionin e Jasht\u00ebm do ket\u00eb debate dhe ju do i ndiqni ato.<\/p>\n<p>Por PD ka nj\u00eb parim, nga i cili nuk ka l\u00ebvizur kurr\u00eb.<\/p>\n<p>N\u00eb \u00e7\u00ebshtje t\u00eb siguris\u00eb ka votuar si SHBA, dhe kjo \u00ebsht\u00eb e faktuar sa n\u00eb 8 vite n\u00eb pushtet ne, p\u00ebrfaq\u00ebsuesit tan\u00eb kan\u00eb pasur porosi konstante.<\/p>\n<p>\u00c7ka ky nuk e ka b\u00ebr\u00eb. Ky votoi nj\u00eb rezolut\u00eb me Jemenin p\u00ebr Palestin\u00ebn dhe kund\u00ebr SHBA.<\/p>\n<p>Prit, ky \u00ebsht\u00eb q\u00ebndrimi yn\u00eb.<\/p>\n<p>Q\u00ebndrimi yn\u00eb \u00ebsht\u00eb ne votojm\u00eb pro.<\/p>\n<p>E dyta, si shqiptar\u00eb, kemi nj\u00eb arsye t\u00eb dyt\u00eb. Ata jan\u00eb faktori m\u00eb p\u00ebrcaktues n\u00eb pavar\u00ebsin\u00eb e Kosov\u00ebs, n\u00eb lirin\u00eb e Kosov\u00ebs.<\/p>\n<p>Pavar\u00ebsisht se kjo gjeopolitik\u00eb sot ka trajta t\u00eb tjera, personalisht n\u00eb \u00e7\u00ebshtje t\u00eb siguris\u00eb un\u00eb do votoja SHBA.<\/p>\n<p>Si do votojm\u00eb tani? Kjo mbetet p\u00ebr t\u2019u par\u00eb.<\/p>\n<p>Ambrozia Meta: N\u00eb k\u00ebt\u00eb rast a ka nj\u00eb zgjedhje mes Europ\u00ebs dhe SHBA se duket se dy nga vendet ky\u00e7e, Italia dhe Franca i kan\u00eb th\u00ebn\u00eb jo Donald Trumpit?<\/p>\n<p><strong>Sali Berisha:<\/strong>\u00a0Tani n\u00eb rast se vjen problemi p\u00ebr t\u00eb zgjedhur p\u00ebr \u00e7\u00ebshtje sigurie, absolutisht do zgjidhja SHBA p\u00ebr sa koh\u00eb ato t\u2019i q\u00ebndronin angazhimit t\u00eb siguris\u00eb s\u00eb Shqip\u00ebris\u00eb.<\/p>\n<p>Ne jemi p\u00ebr procedur\u00eb kushtetuese, por n\u00eb qoft\u00eb se m\u00eb pyesni mua, p\u00ebr \u00e7\u00ebshtje t\u00eb siguris\u00eb, pa diskutim q\u00eb un\u00eb jam i pal\u00ebkundur p\u00ebr sa koh\u00eb SHBA t\u00eb mbeten t\u00eb angazhuara p\u00ebr sigurin\u00eb.<\/p>\n<p>Armand Bajrami: Cili \u00ebsht\u00eb q\u00ebndrimi i PD p\u00ebr Groenland\u00ebn?<\/p>\n<p><strong>Sali Berisha:\u00a0<\/strong>U zgjidh ajo, mori zgjidhje. Mb\u00ebshtesim zgjidhjen. Po merr zgjidhje ajo n\u00eb interesin m\u00eb t\u00eb mir\u00eb edhe t\u00eb Danimark\u00ebs, edhe t\u00eb vendeve evropiane, edhe t\u00eb SHBA.<\/p>\n<p>Me ato q\u00eb po lexoj, marr\u00ebveshja kuad\u00ebr q\u00eb \u00ebsht\u00eb dakord\u00ebsuar mes Sekretarit t\u00eb P\u00ebrgjithsh\u00ebm t\u00eb NATO-s dhe p\u00ebrfaq\u00ebsuesve t\u00eb presidentit Tramp, \u00ebsht\u00eb nj\u00eb marr\u00ebveshje q\u00eb i jep zgjidhje.<\/p>\n<p>Ambrozia Meta: Ju keni th\u00ebn\u00eb se mbroni interesin e vendit tuaj. A do vlej\u00eb kjo edhe n\u00eb rast se interesi i vendit tuaj vendoset p\u00ebrball\u00eb interesit t\u00eb SHBA t\u00eb Donald Tramp?<\/p>\n<p><strong>Sali Berisha<\/strong>: Absolutisht p\u00ebr mua, ta keni shum\u00eb t\u00eb qart\u00eb. E para Shqip\u00ebria pa asnj\u00eb lloj diskutimi. Dhe interesi i Shqip\u00ebris\u00eb nuk mundet kurrsesi, por n\u00eb fush\u00ebn e siguris\u00eb, interesi i Shqip\u00ebris\u00eb \u00ebsht\u00eb mbrojtja nga SHBA.<\/p>\n<\/div>\n","protected":false},"excerpt":{"rendered":"<p>Kryetari i PD, Sali Berisha shprehet se Partia Demokratike do t\u00eb jet\u00eb gjithmon\u00eb krah SHBA, n\u00eb rastet e votimeve p\u00ebr \u00e7\u00ebshtjet e siguris\u00eb. N\u00eb deklarat\u00ebn p\u00ebr media pas votimit n\u00eb Kusvend me procedur\u00eb t\u00eb p\u00ebrshpejtuar p\u00ebr pjes\u00ebmarrjen e Shqip\u00ebris\u00eb n\u00eb Bordin e Paqes p\u00ebr Gaz\u00ebn, Berisha tha se, Rama nuk e ka b\u00ebr\u00eb gjithmon\u00eb k\u00ebt\u00eb. &hellip;<\/p>\n","protected":false},"author":4,"featured_media":131317,"comment_status":"closed","ping_status":"closed","sticky":false,"template":"","format":"standard","meta":{"footnotes":""},"categories":[37],"tags":[],"class_list":["post-134154","post","type-post","status-publish","format-standard","has-post-thumbnail","","category-politike"],"_links":{"self":[{"href":"https:\/\/rdnews.al\/index.php\/wp-json\/wp\/v2\/posts\/134154","targetHints":{"allow":["GET"]}}],"collection":[{"href":"https:\/\/rdnews.al\/index.php\/wp-json\/wp\/v2\/posts"}],"about":[{"href":"https:\/\/rdnews.al\/index.php\/wp-json\/wp\/v2\/types\/post"}],"author":[{"embeddable":true,"href":"https:\/\/rdnews.al\/index.php\/wp-json\/wp\/v2\/users\/4"}],"replies":[{"embeddable":true,"href":"https:\/\/rdnews.al\/index.php\/wp-json\/wp\/v2\/comments?post=134154"}],"version-history":[{"count":1,"href":"https:\/\/rdnews.al\/index.php\/wp-json\/wp\/v2\/posts\/134154\/revisions"}],"predecessor-version":[{"id":134155,"href":"https:\/\/rdnews.al\/index.php\/wp-json\/wp\/v2\/posts\/134154\/revisions\/134155"}],"wp:featuredmedia":[{"embeddable":true,"href":"https:\/\/rdnews.al\/index.php\/wp-json\/wp\/v2\/media\/131317"}],"wp:attachment":[{"href":"https:\/\/rdnews.al\/index.php\/wp-json\/wp\/v2\/media?parent=134154"}],"wp:term":[{"taxonomy":"category","embeddable":true,"href":"https:\/\/rdnews.al\/index.php\/wp-json\/wp\/v2\/categories?post=134154"},{"taxonomy":"post_tag","embeddable":true,"href":"https:\/\/rdnews.al\/index.php\/wp-json\/wp\/v2\/tags?post=134154"}],"curies":[{"name":"wp","href":"https:\/\/api.w.org\/{rel}","templated":true}]}}