{"id":134156,"date":"2026-01-22T11:14:57","date_gmt":"2026-01-22T11:14:57","guid":{"rendered":"https:\/\/rdnews.al\/?p=134156"},"modified":"2026-01-22T11:15:21","modified_gmt":"2026-01-22T11:15:21","slug":"trump-mbledh-bordit-te-paqes-merr-pjese-presidentja-osmani-rama-jo","status":"publish","type":"post","link":"https:\/\/rdnews.al\/index.php\/2026\/01\/22\/trump-mbledh-bordit-te-paqes-merr-pjese-presidentja-osmani-rama-jo\/","title":{"rendered":"Trump mbledh Bordin e Paqes, merr pjes\u00eb presidentja Osmani, Rama jo!"},"content":{"rendered":"<p>K\u00ebt\u00eb t\u00eb enjte, Presidenti i SHBA, Donald Trump po mban fjalimin n\u00eb Forumin Ekonomik n\u00eb Davos, n\u00eb mbledhjen themeluese t\u00eb Bordit t\u00eb Paqes, duke e vler\u00ebsuar maksimalisht k\u00ebt\u00eb inisiativ\u00eb q\u00eb sipas tij \u00ebsht\u00eb nj\u00eb nga mekanizmat dhe instrumentet m\u00eb t\u00eb r\u00ebnd\u00ebsishme t\u00eb cilat jan\u00eb krijuar.<\/p>\n<p>Ai nuk i ka kursyer batutat, kur tha se, lider\u00ebt e ftuar p\u00ebr t\u00eb qen\u00eb pjes\u00eb e k\u00ebtij grupit i p\u00eblqen t\u00eb gjith\u00eb, megjithat\u00eb jan\u00eb 2 ose 3 prej tyre q\u00eb nuk i duron fare.<\/p>\n<p>Pjes\u00eb e panelit, duke firmosur dhe marr\u00ebveshjen n\u00eb prani t\u00eb Presidentit t\u00eb ShBA, Donald Trump, ishte Presidentja e Kosov\u00ebs, Vjosa Osmani.<\/p>\n<p>Kujtojm\u00eb se kryeministri i Shqip\u00ebris\u00eb, i cili e propagandoi me t\u00eb madhe se kishte marr\u00eb ftes\u00eb me em\u00ebr nominal nga presidenti Trump, p\u00ebr t\u00eb q\u00ebn\u00eb shtet p\u00ebrfaq\u00ebsues n\u00eb Bordin e Paqes, sot nuk ishte ftuar n\u00eb mbledhjen themeluese n\u00eb Davos,<\/p>\n<p>Trump: Putin m\u00eb ka th\u00ebn\u00eb se nuk do ta kishte nisur kurr\u00eb luft\u00ebn n\u00ebse un\u00eb do t\u00eb isha president i SHBA.<\/p>\n<p>Bordi i Paqes \u00ebsht\u00eb nj\u00eb nga mekanizmat dhe instrumentet m\u00eb t\u00eb r\u00ebnd\u00ebsishme t\u00eb cilat jan\u00eb krijuar.<\/p>\n<p>Thuajse \u00e7do vend d\u00ebshiron q\u00eb t\u00eb jet\u00eb pjes\u00eb e k\u00ebtij grupi. Kam d\u00ebrguar ftesa dhe liderit e k\u00ebtyre shteteve jan\u00eb n\u00eb Davos.<\/p>\n<p>Jan\u00eb disa q\u00eb i p\u00eblqej disa jo, por n\u00eb k\u00ebt\u00eb grup i p\u00eblqej t\u00eb gjith\u00eb p\u00ebrve\u00e7 2-3 q\u00eb nuk i duroj dot.<\/p>\n","protected":false},"excerpt":{"rendered":"<p>K\u00ebt\u00eb t\u00eb enjte, Presidenti i SHBA, Donald Trump po mban fjalimin n\u00eb Forumin Ekonomik n\u00eb Davos, n\u00eb mbledhjen themeluese t\u00eb Bordit t\u00eb Paqes, duke e vler\u00ebsuar maksimalisht k\u00ebt\u00eb inisiativ\u00eb q\u00eb sipas tij \u00ebsht\u00eb nj\u00eb nga mekanizmat dhe instrumentet m\u00eb t\u00eb r\u00ebnd\u00ebsishme t\u00eb cilat jan\u00eb krijuar. Ai nuk i ka kursyer batutat, kur tha se, lider\u00ebt &hellip;<\/p>\n","protected":false},"author":4,"featured_media":134157,"comment_status":"closed","ping_status":"closed","sticky":false,"template":"","format":"standard","meta":{"footnotes":""},"categories":[37],"tags":[],"class_list":["post-134156","post","type-post","status-publish","format-standard","has-post-thumbnail","","category-politike"],"_links":{"self":[{"href":"https:\/\/rdnews.al\/index.php\/wp-json\/wp\/v2\/posts\/134156","targetHints":{"allow":["GET"]}}],"collection":[{"href":"https:\/\/rdnews.al\/index.php\/wp-json\/wp\/v2\/posts"}],"about":[{"href":"https:\/\/rdnews.al\/index.php\/wp-json\/wp\/v2\/types\/post"}],"author":[{"embeddable":true,"href":"https:\/\/rdnews.al\/index.php\/wp-json\/wp\/v2\/users\/4"}],"replies":[{"embeddable":true,"href":"https:\/\/rdnews.al\/index.php\/wp-json\/wp\/v2\/comments?post=134156"}],"version-history":[{"count":2,"href":"https:\/\/rdnews.al\/index.php\/wp-json\/wp\/v2\/posts\/134156\/revisions"}],"predecessor-version":[{"id":134159,"href":"https:\/\/rdnews.al\/index.php\/wp-json\/wp\/v2\/posts\/134156\/revisions\/134159"}],"wp:featuredmedia":[{"embeddable":true,"href":"https:\/\/rdnews.al\/index.php\/wp-json\/wp\/v2\/media\/134157"}],"wp:attachment":[{"href":"https:\/\/rdnews.al\/index.php\/wp-json\/wp\/v2\/media?parent=134156"}],"wp:term":[{"taxonomy":"category","embeddable":true,"href":"https:\/\/rdnews.al\/index.php\/wp-json\/wp\/v2\/categories?post=134156"},{"taxonomy":"post_tag","embeddable":true,"href":"https:\/\/rdnews.al\/index.php\/wp-json\/wp\/v2\/tags?post=134156"}],"curies":[{"name":"wp","href":"https:\/\/api.w.org\/{rel}","templated":true}]}}