{"id":134160,"date":"2026-01-22T11:17:53","date_gmt":"2026-01-22T11:17:53","guid":{"rendered":"https:\/\/rdnews.al\/?p=134160"},"modified":"2026-01-22T11:17:53","modified_gmt":"2026-01-22T11:17:53","slug":"osmani-nenshkruan-dokumentin-per-themelimin-e-bordit-te-paqes","status":"publish","type":"post","link":"https:\/\/rdnews.al\/index.php\/2026\/01\/22\/osmani-nenshkruan-dokumentin-per-themelimin-e-bordit-te-paqes\/","title":{"rendered":"Osmani n\u00ebnshkruan dokumentin p\u00ebr themelimin e Bordit t\u00eb Paqes!"},"content":{"rendered":"<p>Presidentja e Kosov\u00ebs, Vjosa Osmani ka n\u00ebnshkruar dokumentin p\u00ebr themelimin e Bordit t\u00eb Paqes gjat\u00eb ceremonis\u00eb s\u00eb udh\u00ebhequr nga presidenti Donald Trump n\u00eb Davos.<\/p>\n<p>Lider\u00ebt e vendeve themeluese t\u00eb k\u00ebtij bordi kan\u00eb n\u00ebnshkruar k\u00ebt\u00eb dokument\u00eb dy nga dy derisa Trump ishte n\u00eb mes t\u00eb tavolin\u00ebs.<\/p>\n<p>Osmani u thirr p\u00ebr t\u00eb n\u00ebnshkruar dokumentin bashk\u00eb me kryeministrin e Pakistanit.<\/p>\n","protected":false},"excerpt":{"rendered":"<p>Presidentja e Kosov\u00ebs, Vjosa Osmani ka n\u00ebnshkruar dokumentin p\u00ebr themelimin e Bordit t\u00eb Paqes gjat\u00eb ceremonis\u00eb s\u00eb udh\u00ebhequr nga presidenti Donald Trump n\u00eb Davos. Lider\u00ebt e vendeve themeluese t\u00eb k\u00ebtij bordi kan\u00eb n\u00ebnshkruar k\u00ebt\u00eb dokument\u00eb dy nga dy derisa Trump ishte n\u00eb mes t\u00eb tavolin\u00ebs. Osmani u thirr p\u00ebr t\u00eb n\u00ebnshkruar dokumentin bashk\u00eb me kryeministrin &hellip;<\/p>\n","protected":false},"author":4,"featured_media":134161,"comment_status":"closed","ping_status":"closed","sticky":false,"template":"","format":"standard","meta":{"footnotes":""},"categories":[37],"tags":[],"class_list":["post-134160","post","type-post","status-publish","format-standard","has-post-thumbnail","","category-politike"],"_links":{"self":[{"href":"https:\/\/rdnews.al\/index.php\/wp-json\/wp\/v2\/posts\/134160","targetHints":{"allow":["GET"]}}],"collection":[{"href":"https:\/\/rdnews.al\/index.php\/wp-json\/wp\/v2\/posts"}],"about":[{"href":"https:\/\/rdnews.al\/index.php\/wp-json\/wp\/v2\/types\/post"}],"author":[{"embeddable":true,"href":"https:\/\/rdnews.al\/index.php\/wp-json\/wp\/v2\/users\/4"}],"replies":[{"embeddable":true,"href":"https:\/\/rdnews.al\/index.php\/wp-json\/wp\/v2\/comments?post=134160"}],"version-history":[{"count":1,"href":"https:\/\/rdnews.al\/index.php\/wp-json\/wp\/v2\/posts\/134160\/revisions"}],"predecessor-version":[{"id":134162,"href":"https:\/\/rdnews.al\/index.php\/wp-json\/wp\/v2\/posts\/134160\/revisions\/134162"}],"wp:featuredmedia":[{"embeddable":true,"href":"https:\/\/rdnews.al\/index.php\/wp-json\/wp\/v2\/media\/134161"}],"wp:attachment":[{"href":"https:\/\/rdnews.al\/index.php\/wp-json\/wp\/v2\/media?parent=134160"}],"wp:term":[{"taxonomy":"category","embeddable":true,"href":"https:\/\/rdnews.al\/index.php\/wp-json\/wp\/v2\/categories?post=134160"},{"taxonomy":"post_tag","embeddable":true,"href":"https:\/\/rdnews.al\/index.php\/wp-json\/wp\/v2\/tags?post=134160"}],"curies":[{"name":"wp","href":"https:\/\/api.w.org\/{rel}","templated":true}]}}