{"id":134165,"date":"2026-01-22T11:53:47","date_gmt":"2026-01-22T11:53:47","guid":{"rendered":"https:\/\/rdnews.al\/?p=134165"},"modified":"2026-01-22T12:02:51","modified_gmt":"2026-01-22T12:02:51","slug":"trump-merr-ne-krah-vjosa-osmanin-rama-ne-krah-te-ballukut-qe-kerkohet-per-tu-arrestuar","status":"publish","type":"post","link":"https:\/\/rdnews.al\/index.php\/2026\/01\/22\/trump-merr-ne-krah-vjosa-osmanin-rama-ne-krah-te-ballukut-qe-kerkohet-per-tu-arrestuar\/","title":{"rendered":"Trump merr n\u00eb krah Vjosa Osmanin, Rama n\u00eb krah t\u00eb Ballukut q\u00eb k\u00ebrkohet p\u00ebr tu arrestuar"},"content":{"rendered":"<p><strong>Rama ka zgjedhur q\u00eb t\u00eb jet\u00eb n\u00eb krah t\u00eb Ballukut q\u00eb k\u00ebrkohet p\u00eb tu arrestuar nga SPAK dhe jo n\u00eb takimin inagurues t\u00eb Bordit t\u00eb Paqes n\u00eb Davos, ku ai do t\u00eb d\u00ebshironte t\u00eb ishte p\u00ebr nj\u00eb foto me Presidentin Trump. Kjo \u00ebsht\u00eb nj\u00eb shenj\u00eb e panikut t\u00eb Ram\u00ebs, nd\u00ebrkoh\u00eb q\u00eb vijon t\u00eb ushtroj\u00eb presion ndaj Gjykat\u00ebs Kushtetuese p\u00ebr t\u00eb mos pezulluar Ballukun nga posti n\u00eb qeveri, vendim q\u00eb pritet t\u00eb jepet sot.<\/strong><\/p>\n<p>Presidentja e vendit, Vjosa Osmani n\u00eb pranin\u00eb e presidentit t\u00eb SHBA-s\u00eb, Donald Trump ka n\u00ebnshkruar marr\u00ebveshjen p\u00ebr pjes\u00ebmarrjen n\u00eb Bordin e Paqes n\u00eb Davos.<\/p>\n<p>Osmani u pa duke shk\u00ebmbyer edhe nj\u00eb bised\u00eb t\u00eb shkurt\u00eb me presidentin Trump, ku m\u00eb pas n\u00ebnshkroi marr\u00ebveshjen e cila u prit me duartrokitje nga t\u00eb pranishmit e tjer\u00eb.<\/p>\n<div class=\"rm-embed embed-media\"><iframe loading=\"lazy\" src=\"https:\/\/www.facebook.com\/plugins\/video.php?height=476&amp;href=https%3A%2F%2Fwww.facebook.com%2Freel%2F1234495738647063%2F&amp;show_text=false&amp;width=357&amp;t=0\" width=\"357\" height=\"476\" frameborder=\"0\" scrolling=\"no\" allowfullscreen=\"allowfullscreen\" data-mce-fragment=\"1\"><\/iframe><\/div>\n<div class=\"share-tab-img share-buttons share-trigger\"><img loading=\"lazy\" decoding=\"async\" id=\"0e18d\" class=\"rm-shortcode rm-lazyloadable-image \" src=\"https:\/\/telegrafi.com\/media-library\/image.jpg?id=63057166&amp;width=700&amp;quality=90\" alt=\"\" width=\"906\" height=\"586\" data-rm-shortcode-id=\"3bbcb7e62fa6518d55c92cbad8dcb174\" data-rm-shortcode-name=\"rebelmouse-image\" data-adjusted-src=\"true\" \/><\/div>\n<p><strong>\u00c7fare \u00ebsht\u00eb Bordi i Paqes?<\/strong><\/p>\n<p>Administrata e presidentit t\u00eb SHBA-s\u00eb, Donald Trump, ka kontaktuar figura t\u00eb ndryshme anemban\u00eb bot\u00ebs p\u00ebr t&#8217;u b\u00ebr\u00eb pjes\u00eb e t\u00eb ashtuquajturit &#8220;Bordi i Paqes&#8221; dhe n\u00eb entitete t\u00eb lidhura me t\u00eb, t\u00eb cilat synojn\u00eb t\u00eb mbik\u00ebqyrin qeverisjen dhe rind\u00ebrtimin n\u00eb Gaz\u00ebn e pasluft\u00ebs.<\/p>\n<p>Sht\u00ebpia e Bardh\u00eb tha se do t\u00eb ket\u00eb nj\u00eb bord kryesor, t\u00eb kryesuar nga vet\u00eb Trump, nj\u00eb komitet palestinez teknokrat\u00ebsh, t\u00eb cil\u00ebt synojn\u00eb t\u00eb qeverisin territorin e shkat\u00ebrruar nga lufta, dhe nj\u00eb &#8220;bord ekzekutiv&#8221; t\u00eb dyt\u00eb q\u00eb duket se \u00ebsht\u00eb projektuar t\u00eb ket\u00eb nj\u00eb rol m\u00eb k\u00ebshillues. \/<\/p>\n","protected":false},"excerpt":{"rendered":"<p>Rama ka zgjedhur q\u00eb t\u00eb jet\u00eb n\u00eb krah t\u00eb Ballukut q\u00eb k\u00ebrkohet p\u00eb tu arrestuar nga SPAK dhe jo n\u00eb takimin inagurues t\u00eb Bordit t\u00eb Paqes n\u00eb Davos, ku ai do t\u00eb d\u00ebshironte t\u00eb ishte p\u00ebr nj\u00eb foto me Presidentin Trump. Kjo \u00ebsht\u00eb nj\u00eb shenj\u00eb e panikut t\u00eb Ram\u00ebs, nd\u00ebrkoh\u00eb q\u00eb vijon t\u00eb ushtroj\u00eb presion &hellip;<\/p>\n","protected":false},"author":3,"featured_media":134161,"comment_status":"closed","ping_status":"closed","sticky":false,"template":"","format":"standard","meta":{"footnotes":""},"categories":[37],"tags":[],"class_list":["post-134165","post","type-post","status-publish","format-standard","has-post-thumbnail","","category-politike"],"_links":{"self":[{"href":"https:\/\/rdnews.al\/index.php\/wp-json\/wp\/v2\/posts\/134165","targetHints":{"allow":["GET"]}}],"collection":[{"href":"https:\/\/rdnews.al\/index.php\/wp-json\/wp\/v2\/posts"}],"about":[{"href":"https:\/\/rdnews.al\/index.php\/wp-json\/wp\/v2\/types\/post"}],"author":[{"embeddable":true,"href":"https:\/\/rdnews.al\/index.php\/wp-json\/wp\/v2\/users\/3"}],"replies":[{"embeddable":true,"href":"https:\/\/rdnews.al\/index.php\/wp-json\/wp\/v2\/comments?post=134165"}],"version-history":[{"count":3,"href":"https:\/\/rdnews.al\/index.php\/wp-json\/wp\/v2\/posts\/134165\/revisions"}],"predecessor-version":[{"id":134175,"href":"https:\/\/rdnews.al\/index.php\/wp-json\/wp\/v2\/posts\/134165\/revisions\/134175"}],"wp:featuredmedia":[{"embeddable":true,"href":"https:\/\/rdnews.al\/index.php\/wp-json\/wp\/v2\/media\/134161"}],"wp:attachment":[{"href":"https:\/\/rdnews.al\/index.php\/wp-json\/wp\/v2\/media?parent=134165"}],"wp:term":[{"taxonomy":"category","embeddable":true,"href":"https:\/\/rdnews.al\/index.php\/wp-json\/wp\/v2\/categories?post=134165"},{"taxonomy":"post_tag","embeddable":true,"href":"https:\/\/rdnews.al\/index.php\/wp-json\/wp\/v2\/tags?post=134165"}],"curies":[{"name":"wp","href":"https:\/\/api.w.org\/{rel}","templated":true}]}}