{"id":134167,"date":"2026-01-22T11:58:50","date_gmt":"2026-01-22T11:58:50","guid":{"rendered":"https:\/\/rdnews.al\/?p=134167"},"modified":"2026-01-22T11:58:50","modified_gmt":"2026-01-22T11:58:50","slug":"bardhi-rames-pse-nuk-je-ne-davos-me-trump-si-vjosa-osmani-por-fshihesh-ketu","status":"publish","type":"post","link":"https:\/\/rdnews.al\/index.php\/2026\/01\/22\/bardhi-rames-pse-nuk-je-ne-davos-me-trump-si-vjosa-osmani-por-fshihesh-ketu\/","title":{"rendered":"Bardhi-Ram\u00ebs: Pse nuk je n\u00eb Davos me Trump si Vjosa Osmani, por fshihesh k\u00ebtu?"},"content":{"rendered":"<p>Debatet n\u00eb Kuvend jan\u00eb ndezur s\u00ebrish dit\u00ebn e sotme, ku n\u00eb qend\u00ebr t\u00eb diskutimeve ka qen\u00eb procedura e ndjekur p\u00ebr Bordin e Paqes dhe mungesa e firm\u00ebs s\u00eb Kryeministrit n\u00eb dokumentacionin e paraqitur. Deputeti i PD, Gazment Bardhi, ka ngritur pik\u00ebpyetje t\u00eb forta ligjore dhe kushtetuese, duke akuzuar kreun e qeveris\u00eb p\u00ebr shmangie nga procedurat dhe munges\u00eb transparence.<\/p>\n<p>Gjat\u00eb fjal\u00ebs s\u00eb tij, Bardhi theksoi se bazuar n\u00eb dokumentet e v\u00ebna n\u00eb dispozicion t\u00eb deputet\u00ebve, Presidenti i Republik\u00ebs ka autorizuar Kryeministrin p\u00ebr t\u00eb n\u00ebnshkruar marr\u00ebveshjen n\u00eb fjal\u00eb. Megjithat\u00eb, sipas Bardhit, n\u00eb dosjen e sjell\u00eb n\u00eb Kuvend mungon firma e kreut t\u00eb qeveris\u00eb, gj\u00eb q\u00eb e b\u00ebn procedur\u00ebn e ratifikimit n\u00eb parlament t\u00eb pakuptimt\u00eb nga ana juridike.<\/p>\n<p>Gazment Bardhi: Si\u00e7 tregojn\u00eb edhe dokumentat q\u00eb jan\u00eb v\u00ebn\u00eb n\u00eb dispozicion deputet\u00ebve t\u00eb Kuvendit t\u00eb Shqip\u00ebris\u00eb, n\u00eb p\u00ebrputhje me Kushtetut\u00ebn dhe ligjin p\u00ebr marr\u00ebveshjet nd\u00ebrkomb\u00ebtare, me vendimin num\u00ebr 45 dat\u00eb 21 i pari 2026 t\u00eb K\u00ebshillit t\u00eb Ministrave, \u00ebsht\u00eb b\u00ebr\u00eb miratimi n\u00eb parim i k\u00ebsaj marr\u00ebveshjeje. Menj\u00ebher\u00eb, p\u00ebrmes autorizimit num\u00ebr 224 fraksion 1, dat\u00eb 21 i pari 2026, ashtu si\u00e7 ne shpjeguam n\u00eb hyrje t\u00eb k\u00ebsaj seance, Presidenti i Republik\u00ebs, q\u00eb \u00ebsht\u00eb i vetmi autoritet q\u00eb n\u00ebnshkruan marr\u00ebveshje sipas Kushtetut\u00ebs n\u00eb em\u00ebr t\u00eb Republik\u00ebs s\u00eb Shqip\u00ebris\u00eb, ka autorizuar Kryeministrin e Republik\u00ebs q\u00eb t\u00eb n\u00ebnshkruaj\u00eb marr\u00ebveshjen n\u00eb fjal\u00eb, t\u00eb miratuar n\u00eb parim me vendim t\u00eb K\u00ebshillit t\u00eb Ministrave.<\/p>\n<p>Dhe pyetja ime konsiston: A e ka n\u00ebnshkruar marr\u00ebveshjen Kryeministri? Sepse Kuvendi hyn n\u00eb procedur\u00eb miratimi pasi Kryeministri t\u00eb ket\u00eb n\u00ebnshkruar k\u00ebt\u00eb marr\u00ebveshje. N\u00eb dokumentacionin q\u00eb ju na keni sjell\u00eb n\u00eb Kuvendin e Shqip\u00ebris\u00eb, nuk rezulton q\u00eb Kryeministri ta ket\u00eb n\u00ebnshkruar marr\u00ebveshjen. Marr\u00ebveshjen e ka n\u00ebnshkruar Vjosa Osmani, Presidentja e Republik\u00ebs s\u00eb Kosov\u00ebs, sot n\u00eb Davos me Presidentin Trump, dhe e kan\u00eb n\u00ebnshkruar edhe vendet themeluese, sot n\u00eb Davos, n\u00eb prezenc\u00eb t\u00eb Presidentit Trump.<\/p>\n<p>A mund ta dim\u00eb pse Kryeministri i Republik\u00ebs s\u00eb Shqip\u00ebris\u00eb \u00ebsht\u00eb sot k\u00ebtu dhe nuk \u00ebsht\u00eb n\u00eb Davos p\u00ebr t\u00eb n\u00ebnshkruar marr\u00ebveshjen me Presidentin Trump? Q\u00eb m\u00eb pas t&#8217;i jepte mund\u00ebsi Kuvendit t\u00eb Shqip\u00ebris\u00eb q\u00eb t\u00eb ratifikonte marr\u00ebveshjen e n\u00ebnshkruar. Dhe ku bazohet procedura q\u00eb po ndjek ky Kuvend? Tani ne e kuptojm\u00eb q\u00eb s&#8217;shkonte dot ta n\u00ebnshkruante se s&#8217;e kan\u00eb pranuar, por ku bazohet procedura q\u00eb po ndjekim? Procedura sot q\u00eb po ndjekim n\u00eb Kushtetut\u00eb dhe n\u00eb ligj. Dhe pse Kosova \u00ebsht\u00eb sot n\u00eb Davos, me iniciuesin e bordit t\u00eb paqes, pra Presidentja Osmani \u00ebsht\u00eb atje, nd\u00ebrsa lideri juaj famoz global, Edi Rama, \u00ebsht\u00eb sot k\u00ebtu?<\/p>\n","protected":false},"excerpt":{"rendered":"<p>Debatet n\u00eb Kuvend jan\u00eb ndezur s\u00ebrish dit\u00ebn e sotme, ku n\u00eb qend\u00ebr t\u00eb diskutimeve ka qen\u00eb procedura e ndjekur p\u00ebr Bordin e Paqes dhe mungesa e firm\u00ebs s\u00eb Kryeministrit n\u00eb dokumentacionin e paraqitur. Deputeti i PD, Gazment Bardhi, ka ngritur pik\u00ebpyetje t\u00eb forta ligjore dhe kushtetuese, duke akuzuar kreun e qeveris\u00eb p\u00ebr shmangie nga procedurat &hellip;<\/p>\n","protected":false},"author":4,"featured_media":134168,"comment_status":"closed","ping_status":"closed","sticky":false,"template":"","format":"standard","meta":{"footnotes":""},"categories":[37],"tags":[],"class_list":["post-134167","post","type-post","status-publish","format-standard","has-post-thumbnail","","category-politike"],"_links":{"self":[{"href":"https:\/\/rdnews.al\/index.php\/wp-json\/wp\/v2\/posts\/134167","targetHints":{"allow":["GET"]}}],"collection":[{"href":"https:\/\/rdnews.al\/index.php\/wp-json\/wp\/v2\/posts"}],"about":[{"href":"https:\/\/rdnews.al\/index.php\/wp-json\/wp\/v2\/types\/post"}],"author":[{"embeddable":true,"href":"https:\/\/rdnews.al\/index.php\/wp-json\/wp\/v2\/users\/4"}],"replies":[{"embeddable":true,"href":"https:\/\/rdnews.al\/index.php\/wp-json\/wp\/v2\/comments?post=134167"}],"version-history":[{"count":1,"href":"https:\/\/rdnews.al\/index.php\/wp-json\/wp\/v2\/posts\/134167\/revisions"}],"predecessor-version":[{"id":134169,"href":"https:\/\/rdnews.al\/index.php\/wp-json\/wp\/v2\/posts\/134167\/revisions\/134169"}],"wp:featuredmedia":[{"embeddable":true,"href":"https:\/\/rdnews.al\/index.php\/wp-json\/wp\/v2\/media\/134168"}],"wp:attachment":[{"href":"https:\/\/rdnews.al\/index.php\/wp-json\/wp\/v2\/media?parent=134167"}],"wp:term":[{"taxonomy":"category","embeddable":true,"href":"https:\/\/rdnews.al\/index.php\/wp-json\/wp\/v2\/categories?post=134167"},{"taxonomy":"post_tag","embeddable":true,"href":"https:\/\/rdnews.al\/index.php\/wp-json\/wp\/v2\/tags?post=134167"}],"curies":[{"name":"wp","href":"https:\/\/api.w.org\/{rel}","templated":true}]}}