{"id":134180,"date":"2026-01-22T12:14:25","date_gmt":"2026-01-22T12:14:25","guid":{"rendered":"https:\/\/rdnews.al\/?p=134180"},"modified":"2026-01-22T12:14:25","modified_gmt":"2026-01-22T12:14:25","slug":"berisha-njeriut-qe-po-i-vjen-fundi-po-personalizon-nje-akt-te-rendesishem-nderkombetar-si-mburoje","status":"publish","type":"post","link":"https:\/\/rdnews.al\/index.php\/2026\/01\/22\/berisha-njeriut-qe-po-i-vjen-fundi-po-personalizon-nje-akt-te-rendesishem-nderkombetar-si-mburoje\/","title":{"rendered":"Berisha: Njeriut q\u00eb po i vjen fundi po personalizon nj\u00eb akt t\u00eb r\u00ebnd\u00ebsish\u00ebm nd\u00ebrkomb\u00ebtar si mburoj\u00eb"},"content":{"rendered":"<p>Kryetari i PD, Sali Berisha tha n\u00eb Kuvend se, di Rama se po p\u00ebrpiqet t\u00eb personalizoj\u00eb nj\u00eb akt t\u00eb r\u00ebnd\u00ebsish\u00ebm nd\u00ebrkomb\u00ebtar p\u00ebr interesa personale dhe p\u00ebr t\u2019u mbrojtur nga pasojat e aferave korruptive.<\/p>\n<p>Berisha u shpreh se, njeriut q\u00eb po i vjen fundi po personalizon nj\u00eb akt t\u00eb r\u00ebnd\u00ebsish\u00ebm nd\u00ebrkomb\u00ebtar si mburoj\u00eb.<\/p>\n<p><strong>Fjala n\u00eb Kuvend<\/strong><\/p>\n<p>Th\u00ebn\u00eb t\u00eb gjitha k\u00ebto, seanca merr nj\u00eb karakter t\u00eb paimagjinuesh\u00ebm vet\u00ebm e vet\u00ebm p\u00ebr shkak t\u00eb p\u00ebrpjekjes primitive t\u00eb nj\u00eb njeriu q\u00eb tani po i vjen fundi q\u00eb ta personalizoj\u00eb k\u00ebt\u00eb dhe \u00e7do gj\u00eb tjet\u00ebr si mburoj\u00eb, pasi ajo q\u00eb i rri n\u00eb krah, po e merr me vete.<br \/>\nPo e merr me vete dhe jo pa t\u00eb drejt\u00eb.<br \/>\nJo.<br \/>\nSepse ajo si nj\u00eb sh\u00ebrb\u00ebtore e bindur ka zbatuar \u00e7do urdh\u00ebr t\u00eb tij.<br \/>\nSepse nuk \u00ebsht\u00eb ajo q\u00eb e mori Palloshin me vete n\u00eb Ankara, \u00ebsht\u00eb ai q\u00eb mori Lubin\u00eb n\u00eb Ankara dhe u b\u00eb pazari 50 milion\u00ebsh.<br \/>\n\u00cbsht\u00eb ai q\u00eb i d\u00ebrgonte urdhra se si Unaza e ndar\u00eb n\u00eb 14 tendera, 13 kilometra, t\u00eb shp\u00ebrndahej, t\u00eb vidhej, t\u00eb shum\u00ebfishohej, t\u2019u jepej medieve t\u00eb tij.<br \/>\n\u00cbsht\u00eb ai, i cili figuron n\u00eb t\u00eb gjitha analet nd\u00ebrkomb\u00ebtare si bashk\u00ebpun\u00ebtor i kryekartelit t\u00eb bot\u00ebs, q\u00eb \u00ebsht\u00eb Sinaloa e Meksik\u00ebs.<br \/>\n\u00cbsht\u00eb ai, i cili figuron kreu i organizat\u00ebs kriminale me lidhjet m\u00eb t\u00eb fuqishme me kartelet e drog\u00ebs, kartelet shqiptare t\u00eb drog\u00ebs n\u00eb Shqip\u00ebri dhe Amerik\u00ebn Latine, dhe q\u00eb ka urdh\u00ebruar takimin n\u00eb Aruba.<br \/>\n\u00cbsht\u00eb ai, i cili e ka shnd\u00ebrruar agjencin\u00eb shtet\u00ebrore t\u00eb Mirlind\u00ebs n\u00eb turpin e shekullit.<br \/>\nN\u00eb agjencin\u00eb m\u00eb mafioze t\u00eb planetit, q\u00eb mund t\u00eb ndodh\u00eb n\u00eb organizatat e mafies t\u00eb marrin peng, por q\u00eb nd\u00ebrmarrja shtet\u00ebrore, agjencia shte\u00ebrore t\u00eb organizoj\u00eb pengmarrje&#8230; pse i ngre duart ti ashtu? Kujton se e mbron ti ashtu?<br \/>\nDo t\u2019u them nj\u00eb gj\u00eb k\u00ebtu, mos u b\u00ebni ashtu sikund\u00ebr nuk jeni sepse mb\u00ebshtesni t\u00eb keqen e madhe.<br \/>\nPo \u00e7far\u00eb do t\u00eb thot\u00eb ajo? Kam respekt maksimal p\u00ebr Mirlind\u00ebn, nd\u00ebrkoh\u00eb dy pengmarrje p\u00ebr baxhanakun.<br \/>\nShkoni dhe merrni pak d\u00ebshmit\u00eb e Gerond Me\u00e7es. Jan\u00eb t\u00eb tmerrshme.<br \/>\nU them un\u00eb ju, ato t\u00eb duket Lubia lule.<br \/>\nPo i jep zem\u00ebr tani. Shiheni, shiheni.<br \/>\nPo, po t\u00eb duket lule \u00e7\u2019jan\u00eb ato.<br \/>\nShkoni dhe merrini ato.<br \/>\nAt\u00ebher\u00eb, ky njeri q\u00eb ka shnd\u00ebrruar n\u00eb kopsht privat AKSHI-n dhe ka respektin m\u00eb t\u00eb madh p\u00ebr Mirlind\u00ebn, p\u00ebr Mirlind\u00ebn se aty merren pengje q\u00eb tenderat t\u2019i fitoj\u00eb baxhanaku, ky njeri personalizon n\u00eb marr\u00ebveshje, personalizon nj\u00eb ftes\u00eb e cila n\u00ebnkupton n\u00eb m\u00ebnyr\u00eb absolute republik\u00ebn e Shqip\u00ebris\u00eb.<br \/>\nPa diskutim.<br \/>\n\u00c7far\u00eb do t\u00eb thoni ju nes\u00ebr kur t\u00eb d\u00ebgjoni Lubin\u00eb n\u00eb bank\u00ebn e t\u00eb akuzuarve t\u00eb thot\u00eb se t\u00eb gjitha m\u2019i ka urdh\u00ebr Palloshi?<br \/>\n\u00c7far\u00eb do thoni? M\u00eb thoni pak? A do skuqeni nga votimi q\u00eb keni b\u00ebr\u00eb?<br \/>\n\u00c7far\u00eb do thoni kur t\u00eb dalin Ergys Agasi, kur t\u00eb dalin videot e Ergys Agasit, \u00e7far\u00eb do thoni pastaj ju?<br \/>\nSe edhe ju keni nd\u00ebrgjegje, keni familje, keni njer\u00ebz, keni t\u00eb af\u00ebrm, keni zgjedh\u00ebs.<br \/>\n\u00c7far\u00eb do u thoni ju atyre?<br \/>\n\u00c7far\u00eb do u thoni zgjedh\u00ebsve tuaj q\u00eb personalizoni nj\u00eb akt nd\u00ebrkomb\u00ebtar t\u00eb r\u00ebnd\u00ebsish\u00ebm me emrin t\u00eb nxir\u00eb t\u00eb nj\u00eb njeriu, i cili&#8230; po, po, l\u00ebvize kok\u00ebn ti, por ta them se e ke gabim, shum\u00eb shpejt do pendohesh p\u00ebr at\u00eb kok\u00eb q\u00eb l\u00ebviz, vazhdo se mir\u00eb e ke, se edhe kjo i thoshte Sk\u00ebnderbeu, po ia ktheu Sk\u00ebnderbu\u00e7i pastaj. E pa kjo q\u00eb foli k\u00ebtu para jush q\u00eb i ka dit\u00ebt e num\u00ebruara, jo nga un\u00eb, por nga Lubia i ka dit\u00ebt e num\u00ebruara.<br \/>\nKjo \u00ebsht\u00eb e v\u00ebrteta.<\/p>\n","protected":false},"excerpt":{"rendered":"<p>Kryetari i PD, Sali Berisha tha n\u00eb Kuvend se, di Rama se po p\u00ebrpiqet t\u00eb personalizoj\u00eb nj\u00eb akt t\u00eb r\u00ebnd\u00ebsish\u00ebm nd\u00ebrkomb\u00ebtar p\u00ebr interesa personale dhe p\u00ebr t\u2019u mbrojtur nga pasojat e aferave korruptive. Berisha u shpreh se, njeriut q\u00eb po i vjen fundi po personalizon nj\u00eb akt t\u00eb r\u00ebnd\u00ebsish\u00ebm nd\u00ebrkomb\u00ebtar si mburoj\u00eb. Fjala n\u00eb Kuvend &hellip;<\/p>\n","protected":false},"author":4,"featured_media":134181,"comment_status":"closed","ping_status":"closed","sticky":false,"template":"","format":"standard","meta":{"footnotes":""},"categories":[37],"tags":[],"class_list":["post-134180","post","type-post","status-publish","format-standard","has-post-thumbnail","","category-politike"],"_links":{"self":[{"href":"https:\/\/rdnews.al\/index.php\/wp-json\/wp\/v2\/posts\/134180","targetHints":{"allow":["GET"]}}],"collection":[{"href":"https:\/\/rdnews.al\/index.php\/wp-json\/wp\/v2\/posts"}],"about":[{"href":"https:\/\/rdnews.al\/index.php\/wp-json\/wp\/v2\/types\/post"}],"author":[{"embeddable":true,"href":"https:\/\/rdnews.al\/index.php\/wp-json\/wp\/v2\/users\/4"}],"replies":[{"embeddable":true,"href":"https:\/\/rdnews.al\/index.php\/wp-json\/wp\/v2\/comments?post=134180"}],"version-history":[{"count":1,"href":"https:\/\/rdnews.al\/index.php\/wp-json\/wp\/v2\/posts\/134180\/revisions"}],"predecessor-version":[{"id":134182,"href":"https:\/\/rdnews.al\/index.php\/wp-json\/wp\/v2\/posts\/134180\/revisions\/134182"}],"wp:featuredmedia":[{"embeddable":true,"href":"https:\/\/rdnews.al\/index.php\/wp-json\/wp\/v2\/media\/134181"}],"wp:attachment":[{"href":"https:\/\/rdnews.al\/index.php\/wp-json\/wp\/v2\/media?parent=134180"}],"wp:term":[{"taxonomy":"category","embeddable":true,"href":"https:\/\/rdnews.al\/index.php\/wp-json\/wp\/v2\/categories?post=134180"},{"taxonomy":"post_tag","embeddable":true,"href":"https:\/\/rdnews.al\/index.php\/wp-json\/wp\/v2\/tags?post=134180"}],"curies":[{"name":"wp","href":"https:\/\/api.w.org\/{rel}","templated":true}]}}