{"id":134183,"date":"2026-01-22T12:22:33","date_gmt":"2026-01-22T12:22:33","guid":{"rendered":"https:\/\/rdnews.al\/?p=134183"},"modified":"2026-01-22T12:43:52","modified_gmt":"2026-01-22T12:43:52","slug":"berisha-ta-votojme-marreveshjen-pa-emrin-qe-nxin-trump-nuk-do-qe-tia-degjoje-emrin-ramaduros","status":"publish","type":"post","link":"https:\/\/rdnews.al\/index.php\/2026\/01\/22\/berisha-ta-votojme-marreveshjen-pa-emrin-qe-nxin-trump-nuk-do-qe-tia-degjoje-emrin-ramaduros\/","title":{"rendered":"Berisha: Ta votojm\u00eb marr\u00ebveshjen pa emrin q\u00eb nxin! Trump nuk do q\u00eb t\u2019ia d\u00ebgjoj\u00eb emrin Ramaduros"},"content":{"rendered":"<p>Kryetari i Partis\u00eb Demokratike, Sali Berisha nga foltorja e Kuvendit ka k\u00ebrkuar q\u00eb marr\u00ebveshja e ratifikimit n\u00eb Parlament p\u00ebr Bordin e Paqes, t\u00eb votohet pa pa emrin q\u00eb nxin, Edi Ram\u00ebn.<\/p>\n<p>Konstatimin Berisha e bazon n\u00eb faktin se Rama, \u00ebsht\u00eb zyrtari q\u00eb nxin Shqip\u00ebrin\u00eb jo vet\u00ebm brenda vendit por edhe n\u00eb aren\u00ebn nd\u00ebrkomb\u00ebtare.<\/p>\n<p>Berisha tha se, presidenti Donald Trump nuk do q\u00eb t\u2019ia d\u00ebgjoj\u00eb emrin Ramaduros.<\/p>\n<p><strong>Berisha:<\/strong> Ndaj, pse e b\u00ebni k\u00ebshtu ju?<\/p>\n<p>Hajde urdh\u00ebro, ta votojm\u00eb si\u00e7 duhet, por pa emrin q\u00eb nxin.<\/p>\n<p>A e mor\u00ebt vesh ju q\u00eb vet\u00eb presidenti tha se n\u00eb at\u00eb list\u00eb jan\u00eb dy- tre emra q\u00eb nuk dua t\u2019ua d\u00ebgjoj kurr\u00eb emrin.<\/p>\n<p>Po, e tha, shkoni dhe merreni.<\/p>\n<p>P\u00ebr k\u00eb e kishte fjal\u00ebn?<\/p>\n<p>Po sigurisht q\u00eb ai nuk do t\u00eb d\u00ebgjoj\u00eb Lukashenkos, ai nuk mund t\u2019ia d\u00ebgjoj\u00eb Ramaduros?<\/p>\n<p>A e kuptoni se \u00e7far\u00eb ka b\u00ebr\u00eb ky?<\/p>\n<p>A e kuptoni q\u00eb n\u00eb nj\u00eb samit nd\u00ebrkomb\u00ebtar ku i lejoi vetes t\u00eb tallet me t\u00eb vet\u00ebm p\u00ebr t\u2019iu servilos Makronit?<\/p>\n<p>A e kuptoni ju se nuk mund t\u00eb tallesh kurr\u00eb n\u00eb nj\u00eb samit nd\u00ebrkomb\u00ebtar me asnj\u00eb burr\u00eb shteti aty t\u00eb vendeve t\u00eb lira?<\/p>\n<p>Kurse ky xhokatar dilte prej atje dhe ua thoshte edhe medieve.<\/p>\n<p>U b\u00eb interesant ky, Palloshi i Belind\u00ebs&#8230;<\/p>\n","protected":false},"excerpt":{"rendered":"<p>Kryetari i Partis\u00eb Demokratike, Sali Berisha nga foltorja e Kuvendit ka k\u00ebrkuar q\u00eb marr\u00ebveshja e ratifikimit n\u00eb Parlament p\u00ebr Bordin e Paqes, t\u00eb votohet pa pa emrin q\u00eb nxin, Edi Ram\u00ebn. Konstatimin Berisha e bazon n\u00eb faktin se Rama, \u00ebsht\u00eb zyrtari q\u00eb nxin Shqip\u00ebrin\u00eb jo vet\u00ebm brenda vendit por edhe n\u00eb aren\u00ebn nd\u00ebrkomb\u00ebtare. Berisha tha &hellip;<\/p>\n","protected":false},"author":4,"featured_media":134178,"comment_status":"closed","ping_status":"closed","sticky":false,"template":"","format":"standard","meta":{"footnotes":""},"categories":[37],"tags":[],"class_list":["post-134183","post","type-post","status-publish","format-standard","has-post-thumbnail","","category-politike"],"_links":{"self":[{"href":"https:\/\/rdnews.al\/index.php\/wp-json\/wp\/v2\/posts\/134183","targetHints":{"allow":["GET"]}}],"collection":[{"href":"https:\/\/rdnews.al\/index.php\/wp-json\/wp\/v2\/posts"}],"about":[{"href":"https:\/\/rdnews.al\/index.php\/wp-json\/wp\/v2\/types\/post"}],"author":[{"embeddable":true,"href":"https:\/\/rdnews.al\/index.php\/wp-json\/wp\/v2\/users\/4"}],"replies":[{"embeddable":true,"href":"https:\/\/rdnews.al\/index.php\/wp-json\/wp\/v2\/comments?post=134183"}],"version-history":[{"count":1,"href":"https:\/\/rdnews.al\/index.php\/wp-json\/wp\/v2\/posts\/134183\/revisions"}],"predecessor-version":[{"id":134184,"href":"https:\/\/rdnews.al\/index.php\/wp-json\/wp\/v2\/posts\/134183\/revisions\/134184"}],"wp:featuredmedia":[{"embeddable":true,"href":"https:\/\/rdnews.al\/index.php\/wp-json\/wp\/v2\/media\/134178"}],"wp:attachment":[{"href":"https:\/\/rdnews.al\/index.php\/wp-json\/wp\/v2\/media?parent=134183"}],"wp:term":[{"taxonomy":"category","embeddable":true,"href":"https:\/\/rdnews.al\/index.php\/wp-json\/wp\/v2\/categories?post=134183"},{"taxonomy":"post_tag","embeddable":true,"href":"https:\/\/rdnews.al\/index.php\/wp-json\/wp\/v2\/tags?post=134183"}],"curies":[{"name":"wp","href":"https:\/\/api.w.org\/{rel}","templated":true}]}}