{"id":134185,"date":"2026-01-22T12:41:24","date_gmt":"2026-01-22T12:41:24","guid":{"rendered":"https:\/\/rdnews.al\/?p=134185"},"modified":"2026-01-22T22:10:11","modified_gmt":"2026-01-22T22:10:11","slug":"zyrtare-rama-u-refeuzua-te-ishte-prezent-ne-iniciativen-e-bordit-te-paqes-te-themeluar-nga-presidenti-trump","status":"publish","type":"post","link":"https:\/\/rdnews.al\/index.php\/2026\/01\/22\/zyrtare-rama-u-refeuzua-te-ishte-prezent-ne-iniciativen-e-bordit-te-paqes-te-themeluar-nga-presidenti-trump\/","title":{"rendered":"Zyrtare\/ Rama u refuzua t\u00eb ishte themelues i iniciativ\u00ebs s\u00eb Presidentit Trump"},"content":{"rendered":"<p>Edi Rama u refuzua t\u00eb ishte sot prezent n\u00eb Davos si themelues i iniciativ\u00ebs s\u00eb Presidentit Trump.<\/p>\n<p>Kosova \u00ebsht\u00eb sot n\u00eb Davos, p\u00ebrfaq\u00ebsuar nga Presidentja Osmani, nd\u00ebrsa &#8220;lideri global&#8221;, Edi Rama nuk ishte sepse u refeuzua.<\/p>\n<p>Presidentja e Republik\u00ebs s\u00eb Kosov\u00ebs, sot n\u00eb Davos me Presidentin Trump, dhe e kan\u00eb n\u00ebnshkruar edhe vendet themeluese, sot n\u00eb Davos, n\u00eb prezenc\u00eb t\u00eb Presidentit Trump.<\/p>\n<p>Gazment Bardhi shtroi pyetjen n\u00eb Kuvend, a mund ta dim\u00eb pse Kryeministri i Republik\u00ebs s\u00eb Shqip\u00ebris\u00eb \u00ebsht\u00eb sot k\u00ebtu dhe nuk \u00ebsht\u00eb n\u00eb Davos p\u00ebr t\u00eb n\u00ebnshkruar marr\u00ebveshjen me Presidentin Trump?<\/p>\n","protected":false},"excerpt":{"rendered":"<p>Edi Rama u refuzua t\u00eb ishte sot prezent n\u00eb Davos si themelues i iniciativ\u00ebs s\u00eb Presidentit Trump. Kosova \u00ebsht\u00eb sot n\u00eb Davos, p\u00ebrfaq\u00ebsuar nga Presidentja Osmani, nd\u00ebrsa &#8220;lideri global&#8221;, Edi Rama nuk ishte sepse u refeuzua. Presidentja e Republik\u00ebs s\u00eb Kosov\u00ebs, sot n\u00eb Davos me Presidentin Trump, dhe e kan\u00eb n\u00ebnshkruar edhe vendet themeluese, sot &hellip;<\/p>\n","protected":false},"author":4,"featured_media":134157,"comment_status":"closed","ping_status":"closed","sticky":false,"template":"","format":"standard","meta":{"footnotes":""},"categories":[37],"tags":[],"class_list":["post-134185","post","type-post","status-publish","format-standard","has-post-thumbnail","","category-politike"],"_links":{"self":[{"href":"https:\/\/rdnews.al\/index.php\/wp-json\/wp\/v2\/posts\/134185","targetHints":{"allow":["GET"]}}],"collection":[{"href":"https:\/\/rdnews.al\/index.php\/wp-json\/wp\/v2\/posts"}],"about":[{"href":"https:\/\/rdnews.al\/index.php\/wp-json\/wp\/v2\/types\/post"}],"author":[{"embeddable":true,"href":"https:\/\/rdnews.al\/index.php\/wp-json\/wp\/v2\/users\/4"}],"replies":[{"embeddable":true,"href":"https:\/\/rdnews.al\/index.php\/wp-json\/wp\/v2\/comments?post=134185"}],"version-history":[{"count":6,"href":"https:\/\/rdnews.al\/index.php\/wp-json\/wp\/v2\/posts\/134185\/revisions"}],"predecessor-version":[{"id":134222,"href":"https:\/\/rdnews.al\/index.php\/wp-json\/wp\/v2\/posts\/134185\/revisions\/134222"}],"wp:featuredmedia":[{"embeddable":true,"href":"https:\/\/rdnews.al\/index.php\/wp-json\/wp\/v2\/media\/134157"}],"wp:attachment":[{"href":"https:\/\/rdnews.al\/index.php\/wp-json\/wp\/v2\/media?parent=134185"}],"wp:term":[{"taxonomy":"category","embeddable":true,"href":"https:\/\/rdnews.al\/index.php\/wp-json\/wp\/v2\/categories?post=134185"},{"taxonomy":"post_tag","embeddable":true,"href":"https:\/\/rdnews.al\/index.php\/wp-json\/wp\/v2\/tags?post=134185"}],"curies":[{"name":"wp","href":"https:\/\/api.w.org\/{rel}","templated":true}]}}