{"id":134191,"date":"2026-01-22T14:33:24","date_gmt":"2026-01-22T14:33:24","guid":{"rendered":"https:\/\/rdnews.al\/?p=134191"},"modified":"2026-01-22T14:33:24","modified_gmt":"2026-01-22T14:33:24","slug":"osmani-perkah-trump-kur-amerika-udheheq-paqja-eshte-gjithmone-me-e-sigurt","status":"publish","type":"post","link":"https:\/\/rdnews.al\/index.php\/2026\/01\/22\/osmani-perkah-trump-kur-amerika-udheheq-paqja-eshte-gjithmone-me-e-sigurt\/","title":{"rendered":"Osmani p\u00ebrkah Trump: Kur Amerika udh\u00ebheq, paqja \u00ebsht\u00eb gjithmon\u00eb m\u00eb e sigurt!"},"content":{"rendered":"<div id=\"rekl-49\">Presidentja e Kosov\u00ebs, Vjosa Osmani ne nj\u00eb mesazh n\u00eb faqen e saj n\u00eb faceboik ka th\u00ebn\u00eb se \u201cpas n\u00ebnshkrimit t\u00eb Kart\u00ebs s\u00eb Bordit t\u00eb Paqes nga Kosova si an\u00ebtare themeluese, kjo marr\u00ebveshje do t\u2019i d\u00ebrgohet Kuvendit t\u00eb Kosov\u00ebs p\u00ebr miratim\u201d.<\/div>\n<div class=\"readmore-text-here\">\n<p>Osmani lavd\u00ebroi udh\u00ebheqjen e SHBA-s\u00eb dhe tha se kur ajo \u00ebsht\u00eb n\u00eb krye \u201cpaqja \u00ebsht\u00eb gjithmon\u00eb m\u00eb e sigurt!\u201d.<\/p>\n<p><strong>Mesazhi<\/strong><\/p>\n<p>Kur Amerika udh\u00ebheq, paqja \u00ebsht\u00eb gjithmon\u00eb m\u00eb e sigurt!<\/p>\n<p>Sot, n\u00eb Davos, n\u00eb em\u00ebr t\u00eb Republik\u00ebs s\u00eb Kosov\u00ebs, kam n\u00ebnshkruar Kart\u00ebn e Bordit t\u00eb Paqes si an\u00ebtare themeluese, e barabart\u00eb dhe me t\u00eb drejta t\u00eb plota, krah p\u00ebr krah me Shtetet e Bashkuara t\u00eb Amerik\u00ebs.<\/p>\n<p>An\u00ebtar\u00ebsimi n\u00eb organizata nd\u00ebrkomb\u00ebtare t\u00eb paqes e q\u00eb udh\u00ebhiqen nga aleati yn\u00eb strategjik, fuqizon sovranitetin ton\u00eb, pozicionin ton\u00eb nd\u00ebrkomb\u00ebtar, si dhe \u00ebsht\u00eb n\u00eb interesin m\u00eb t\u00eb lart\u00eb t\u00eb Republik\u00ebs s\u00eb Kosov\u00ebs. Prandaj, kjo marr\u00ebveshje historike do t\u2019i d\u00ebrgohet Kuvendit t\u00eb Kosov\u00ebs p\u00ebr ratifikim, n\u00eb p\u00ebrputhje me kushtetut\u00ebn e Kosov\u00ebs, p\u00ebr t\u00eb marr\u00eb miratimin final t\u00eb p\u00ebrfaq\u00ebsuesve t\u00eb popullit.<\/p>\n<p>Faleminderit Presidentit Trump p\u00ebr lidershipin e tij dhe p\u00ebr ftes\u00ebn q\u00eb ta p\u00ebrfaq\u00ebsoj Republik\u00ebn e Kosov\u00ebs n\u00eb k\u00ebt\u00eb moment historik.<\/p>\n<p>Kosova do t\u00eb jet\u00eb n\u00eb sh\u00ebrbim te paqes, sot e p\u00ebrher\u00eb!<\/p>\n<p><iframe loading=\"lazy\" src=\"https:\/\/www.facebook.com\/plugins\/post.php?href=https%3A%2F%2Fwww.facebook.com%2FVjosaOsmaniMP%2Fposts%2Fpfbid0WBohE4qQpbFgH36dFM7eYsMy9uVZMNULBjWMBeihY64jpZqc729sGCb2GZyf3UyHl&amp;show_text=true&amp;width=500\" width=\"500\" height=\"793\" frameborder=\"0\" scrolling=\"no\" allowfullscreen=\"allowfullscreen\" data-mce-fragment=\"1\"><\/iframe><\/p>\n<\/div>\n<div id=\"rekl-45\"><\/div>\n<div id=\"rekl-16\"><\/div>\n<div id=\"rekl-33\"><\/div>\n","protected":false},"excerpt":{"rendered":"<p>Presidentja e Kosov\u00ebs, Vjosa Osmani ne nj\u00eb mesazh n\u00eb faqen e saj n\u00eb faceboik ka th\u00ebn\u00eb se \u201cpas n\u00ebnshkrimit t\u00eb Kart\u00ebs s\u00eb Bordit t\u00eb Paqes nga Kosova si an\u00ebtare themeluese, kjo marr\u00ebveshje do t\u2019i d\u00ebrgohet Kuvendit t\u00eb Kosov\u00ebs p\u00ebr miratim\u201d. Osmani lavd\u00ebroi udh\u00ebheqjen e SHBA-s\u00eb dhe tha se kur ajo \u00ebsht\u00eb n\u00eb krye \u201cpaqja \u00ebsht\u00eb &hellip;<\/p>\n","protected":false},"author":4,"featured_media":134192,"comment_status":"closed","ping_status":"closed","sticky":false,"template":"","format":"standard","meta":{"footnotes":""},"categories":[37],"tags":[],"class_list":["post-134191","post","type-post","status-publish","format-standard","has-post-thumbnail","","category-politike"],"_links":{"self":[{"href":"https:\/\/rdnews.al\/index.php\/wp-json\/wp\/v2\/posts\/134191","targetHints":{"allow":["GET"]}}],"collection":[{"href":"https:\/\/rdnews.al\/index.php\/wp-json\/wp\/v2\/posts"}],"about":[{"href":"https:\/\/rdnews.al\/index.php\/wp-json\/wp\/v2\/types\/post"}],"author":[{"embeddable":true,"href":"https:\/\/rdnews.al\/index.php\/wp-json\/wp\/v2\/users\/4"}],"replies":[{"embeddable":true,"href":"https:\/\/rdnews.al\/index.php\/wp-json\/wp\/v2\/comments?post=134191"}],"version-history":[{"count":1,"href":"https:\/\/rdnews.al\/index.php\/wp-json\/wp\/v2\/posts\/134191\/revisions"}],"predecessor-version":[{"id":134193,"href":"https:\/\/rdnews.al\/index.php\/wp-json\/wp\/v2\/posts\/134191\/revisions\/134193"}],"wp:featuredmedia":[{"embeddable":true,"href":"https:\/\/rdnews.al\/index.php\/wp-json\/wp\/v2\/media\/134192"}],"wp:attachment":[{"href":"https:\/\/rdnews.al\/index.php\/wp-json\/wp\/v2\/media?parent=134191"}],"wp:term":[{"taxonomy":"category","embeddable":true,"href":"https:\/\/rdnews.al\/index.php\/wp-json\/wp\/v2\/categories?post=134191"},{"taxonomy":"post_tag","embeddable":true,"href":"https:\/\/rdnews.al\/index.php\/wp-json\/wp\/v2\/tags?post=134191"}],"curies":[{"name":"wp","href":"https:\/\/api.w.org\/{rel}","templated":true}]}}