{"id":134201,"date":"2026-01-22T17:48:58","date_gmt":"2026-01-22T17:48:58","guid":{"rendered":"https:\/\/rdnews.al\/?p=134201"},"modified":"2026-01-22T17:48:58","modified_gmt":"2026-01-22T17:48:58","slug":"marreveshja-per-bordin-e-paqes-bardhi-rama-braktisi-votimin-se-sheh-dot-me-sy-trump","status":"publish","type":"post","link":"https:\/\/rdnews.al\/index.php\/2026\/01\/22\/marreveshja-per-bordin-e-paqes-bardhi-rama-braktisi-votimin-se-sheh-dot-me-sy-trump\/","title":{"rendered":"Marr\u00ebveshja p\u00ebr Bordin e Paqes, Bardhi: Rama braktisi votimin, s&#8217;e sheh dot me sy Trump"},"content":{"rendered":"<p>Kreu I grupit Parlamentar t\u00eb PD, Gazmend Bardhi n\u00eb nj\u00eb postim n\u00eb rrjetet e tij sociale shkruan se, se\u00a0kush beson v\u00ebrtet te nj\u00eb marr\u00ebveshje dhe te arkitekti i saj, \ud83c\uddfa\ud83c\uddf8 Presidenti Trump, nuk braktis votimin.<\/p>\n<p>Bardhi theksoi se, veprimi i kryeministrit Edi Rama, i cili u largua nga seanca pa e votuar marr\u00ebveshjen e Bordit t\u00eb Paqes, tregon qart\u00eb munges\u00ebn e vullnetit t\u00eb tij p\u00ebr t\u00eb mb\u00ebshtetur partneritetin me SHBA-n\u00eb dhe marr\u00ebveshjet e r\u00ebnd\u00ebsishme p\u00ebr vendin.<\/p>\n<p><strong>Reagimi<\/strong><\/p>\n<p>Kush beson v\u00ebrtet te nj\u00eb marr\u00ebveshje dhe te arkitekti i saj,\u00a0 [\ud83c\uddfa\ud83c\uddf8] \u00a0Presidenti Trump, nuk braktis votimin.<br \/>\nEdi Rama e b\u00ebri. Ai nuk e votoi marr\u00ebveshjen!<\/p>\n<p>Iku nga seanca pa asnj\u00eb arsye shtet\u00ebrore. Sepse Edi Rama jo vet\u00ebm q\u00eb nuk e sheh dot me sy Donald Trump, por i duhej vet\u00ebm skena politike p\u00ebr t\u00eb mbuluar d\u00ebshtimin e tij spektakolar me munges\u00ebn n\u00eb Davos.<\/p>\n<p>Rama e p\u00ebrdori marr\u00ebveshjen e Bordit t\u00eb Paqes si sken\u00eb t\u00eb urrejtjes politike kund\u00ebr opozit\u00ebs dhe si moment p\u00ebr t\u00eb goditur dhe p\u00ebr tu dukur i fort\u00eb kund\u00ebr SPAK-ut. U rreshtua si avokat i Erion Veliajt, Belinda Ballukut dhe Ergys Agasit, por jo si nj\u00eb shtetar i p\u00ebrgjegjsh\u00ebm.<\/p>\n<p>Ne ia dogj\u00ebm skem\u00ebn perverse antiopozit\u00eb Edi Ram\u00ebs. Ne e votuam me besim marr\u00ebveshjen dhe partneritetin me Presidentin e SHBA-s\u00eb. Ai u zhduk nga Parlamenti pa votuar.<\/p>\n<p>Vullneti i v\u00ebrtet\u00eb politik matet me vot\u00eb, jo me fjalime patetike!<\/p>\n","protected":false},"excerpt":{"rendered":"<p>Kreu I grupit Parlamentar t\u00eb PD, Gazmend Bardhi n\u00eb nj\u00eb postim n\u00eb rrjetet e tij sociale shkruan se, se\u00a0kush beson v\u00ebrtet te nj\u00eb marr\u00ebveshje dhe te arkitekti i saj, \ud83c\uddfa\ud83c\uddf8 Presidenti Trump, nuk braktis votimin. Bardhi theksoi se, veprimi i kryeministrit Edi Rama, i cili u largua nga seanca pa e votuar marr\u00ebveshjen e Bordit &hellip;<\/p>\n","protected":false},"author":4,"featured_media":115861,"comment_status":"closed","ping_status":"closed","sticky":false,"template":"","format":"standard","meta":{"footnotes":""},"categories":[37],"tags":[],"class_list":["post-134201","post","type-post","status-publish","format-standard","has-post-thumbnail","","category-politike"],"_links":{"self":[{"href":"https:\/\/rdnews.al\/index.php\/wp-json\/wp\/v2\/posts\/134201","targetHints":{"allow":["GET"]}}],"collection":[{"href":"https:\/\/rdnews.al\/index.php\/wp-json\/wp\/v2\/posts"}],"about":[{"href":"https:\/\/rdnews.al\/index.php\/wp-json\/wp\/v2\/types\/post"}],"author":[{"embeddable":true,"href":"https:\/\/rdnews.al\/index.php\/wp-json\/wp\/v2\/users\/4"}],"replies":[{"embeddable":true,"href":"https:\/\/rdnews.al\/index.php\/wp-json\/wp\/v2\/comments?post=134201"}],"version-history":[{"count":1,"href":"https:\/\/rdnews.al\/index.php\/wp-json\/wp\/v2\/posts\/134201\/revisions"}],"predecessor-version":[{"id":134202,"href":"https:\/\/rdnews.al\/index.php\/wp-json\/wp\/v2\/posts\/134201\/revisions\/134202"}],"wp:featuredmedia":[{"embeddable":true,"href":"https:\/\/rdnews.al\/index.php\/wp-json\/wp\/v2\/media\/115861"}],"wp:attachment":[{"href":"https:\/\/rdnews.al\/index.php\/wp-json\/wp\/v2\/media?parent=134201"}],"wp:term":[{"taxonomy":"category","embeddable":true,"href":"https:\/\/rdnews.al\/index.php\/wp-json\/wp\/v2\/categories?post=134201"},{"taxonomy":"post_tag","embeddable":true,"href":"https:\/\/rdnews.al\/index.php\/wp-json\/wp\/v2\/tags?post=134201"}],"curies":[{"name":"wp","href":"https:\/\/api.w.org\/{rel}","templated":true}]}}